{"id":4235,"date":"2026-09-01T10:30:00","date_gmt":"2026-09-01T10:30:00","guid":{"rendered":"https:\/\/zerriniremakbay.com\/?p=4235"},"modified":"2026-09-04T13:45:03","modified_gmt":"2026-09-04T13:45:03","slug":"kal-diyen-mekanlar","status":"publish","type":"post","link":"https:\/\/zerriniremakbay.com\/?p=4235","title":{"rendered":"\u2018Kal\u2019 Diyen Mekanlar"},"content":{"rendered":"\n<p><strong>Zaman S\u00fcreci: \u015eekillendire\u00e7 S\u00fcre\u00e7<\/strong><br>Baz\u0131 mekanlar farkl\u0131d\u0131r bizim i\u00e7in; daha s\u0131cak, daha uyumlu, daha rahat hissetti\u011fimiz, enerjimizle kolayl\u0131kla uyum sa\u011flayan taraflar\u0131 oldu\u011funu hissederiz. Bu mekanlar kendili\u011finden bizim i\u00e7in ayr\u0131ml\u0131 oluverir zamanla, bulu\u015fmalar\u0131m\u0131z\u0131 orada yapar\u0131z hep. Ya da \u00f6zelliklerine yaln\u0131z gitti\u011fimiz, sadece bize \u00f6zel mekanlar vard\u0131r; aile bulu\u015fmalar\u0131 i\u00e7in se\u00e7ilen mekanlar, sosyal \u00e7evre i\u00e7in se\u00e7ilen mekanlar veya daha \u00f6zel ki\u015filerle planlanan mekanlar. Hepsi asl\u0131nda kimli\u011fi olu\u015fmu\u015f mekanlar olman\u0131n yan\u0131 s\u0131ra bizim i\u00e7in de bu kimli\u011fi kuvvetlendiren etkileri bar\u0131nd\u0131ran mekanlar olurlar. Bu yerle\u015fikli\u011fin yan\u0131 s\u0131ra ise bir seyahatimizde birbirimizi buldu\u011fumuz mekanlar da var. Ke\u015ffi yap\u0131lan bu mekanlar bir \u015fekilde bizimle uyumlu yerler halinde olurlar ve kendimizden bir \u00e7ekimle uyumlan\u0131rlar.<\/p>\n\n\n\n<p>Baz\u0131 mekanlar\u0131n tasar\u0131m b\u00fct\u00fcnl\u00fc\u011f\u00fc, renkleri, formu, dokusu, bir ruhu vard\u0131r bizim i\u00e7in, bize g\u00f6re. Bu ruhla ileti\u015fimde olabildi\u011fimizde o mekan\u0131n bar\u0131nd\u0131rd\u0131\u011f\u0131 atmosferle, ta\u015f\u0131d\u0131\u011f\u0131 kimlikle ve bu mekan\u0131 olu\u015fturan tasar\u0131m\u0131n ve dahi t\u00fcm s\u00fcre\u00e7teki ki\u015filerin enerjileriyle de ileti\u015fimde olabildi\u011fimizi sezdiriyor bana. Bize kal diyen mekanlar nas\u0131l b\u00f6yle bir etkiye sahipler?<\/p>\n\n\n\n<figure class=\"wp-block-image size-large is-resized\"><img loading=\"lazy\" decoding=\"async\" width=\"683\" height=\"1024\" src=\"https:\/\/zerriniremakbay.com\/wp-content\/uploads\/2026\/09\/49a58df45a5cca942a81007cba2274cc-683x1024.jpg\" alt=\"\" class=\"wp-image-4238\" style=\"width:557px;height:auto\" srcset=\"https:\/\/zerriniremakbay.com\/wp-content\/uploads\/2026\/09\/49a58df45a5cca942a81007cba2274cc-683x1024.jpg 683w, https:\/\/zerriniremakbay.com\/wp-content\/uploads\/2026\/09\/49a58df45a5cca942a81007cba2274cc-200x300.jpg 200w, https:\/\/zerriniremakbay.com\/wp-content\/uploads\/2026\/09\/49a58df45a5cca942a81007cba2274cc-768x1152.jpg 768w, https:\/\/zerriniremakbay.com\/wp-content\/uploads\/2026\/09\/49a58df45a5cca942a81007cba2274cc.jpg 896w\" sizes=\"auto, (max-width: 683px) 100vw, 683px\" \/><\/figure>\n\n\n\n<blockquote class=\"wp-block-quote is-layout-flow wp-block-quote-is-layout-flow\">\n<p class=\"has-small-font-size\"><em>Photo credit: @pinterest<\/em><\/p>\n<\/blockquote>\n\n\n\n<p><strong>Karar Verelim: Kendili\u011finden Se\u00e7im<\/strong><br>Yolculu\u011fumuzda s\u00fcr\u00fcklendi\u011fimiz baz\u0131 anlar vard\u0131r. Bu s\u00fcr\u00fcklenme tamamen hayat\u0131n bizimle bir olup akmas\u0131yla olu\u015fur. Fark\u0131nda olmadan ayaklar\u0131m\u0131z bizi bir yerlere g\u00f6t\u00fcr\u00fcr. Baz\u0131 \u00f6zel alanlar\u0131n \u00e7a\u011fr\u0131s\u0131d\u0131r bu; belki de baz\u0131 \u00f6zel anlar\u0131n, baz\u0131 \u00f6zel insanlar\u0131n&#8230; Ne olursa olsun, ke\u015ffi derinden gelen baz\u0131 mekanlar vard\u0131r. Orada bizim i\u00e7in bir \u015feyler sakl\u0131d\u0131r, bekler bizi. Bu hikayeyi ya\u015fad\u0131ysan\u0131z bunun lezzetini duyumsam\u0131\u015fs\u0131n\u0131zd\u0131r bu anlat\u0131m\u0131 okurken. Bu mekanlarda taraf\u0131m\u0131zdan iletilen frekansa uyumlu etkiler s\u00f6z konusudur. D\u00f6\u015femelerin koyulu\u011funa kadar sizin o an\u0131n\u0131zla, o mentalinizle, o auran\u0131zla uyumludur. Hayat\u0131n\u0131z\u0131n o k\u0131sm\u0131nda yer almas\u0131 gereken, deneyimlemeniz gereken bir his bar\u0131nd\u0131r\u0131yordur veya yepyeni bir kap\u0131 a\u00e7\u0131p sizi kendi i\u00e7inizdeki ke\u015ffedilmemi\u015f yeni bir mekana anahtar sunacakt\u0131r.<\/p>\n\n\n\n<p>Bu alanda Eyl\u00fcl ay\u0131nda g\u00f6ze \u00e7arpan renklerle zenginle\u015fsin istiyorum yazd\u0131\u011f\u0131m bu b\u00f6l\u00fcm.<br>Fark yaratan baz\u0131 tonlar daha radikal se\u00e7imler ve daha belirgin detaylar\u0131n \u00f6ne \u00e7\u0131kt\u0131\u011f\u0131n\u0131 d\u00fc\u015f\u00fcn\u00fcyorum bu sonbaharda tasar\u0131mda mimari alanda. Bunun etkisinin bu y\u0131l hepimizin deneyimleriyle \u00f6rt\u00fc\u015ft\u00fc\u011f\u00fcn\u00fc d\u00fc\u015f\u00fcn\u00fcyorum; ya\u015fad\u0131\u011f\u0131m\u0131z tecr\u00fcbeler, hayat\u0131m\u0131z\u0131 \u015fekillendiren niyetler, yolumuzu zenginle\u015ftiren e\u015fsiz fark\u0131ndal\u0131klar, astrolojik s\u00fcre\u00e7ler dahi bile diyece\u011fim&#8230; Her \u015feyin ama en ufak detaylar\u0131n dahi rol oynad\u0131\u011f\u0131 bu hayat tasar\u0131m\u0131nda mimariye yans\u0131yan renk analizini \u00e7ok uygun buluyorum \u015fahsen kendime de. Koyu tonlar\u0131n \u0131l\u0131t\u0131lmas\u0131 i\u00e7in kullan\u0131lan yard\u0131mc\u0131 dumanl\u0131 menek\u015fe veya \u00e7ikolata kahvenin b\u00fcy\u00fcs\u00fcyle zenginle\u015fen bordo gibi kimlikli ve \u00e7arp\u0131c\u0131 g\u00f6rsellerin olu\u015fmas\u0131n\u0131 tutkuyla benimsedi\u011fimiz bir sonbahara geldik. S\u0131cak yaz tonlar\u0131ndan net bir d\u00f6n\u00fc\u015fle ketum bir alanda y\u00fcr\u00fcmeye devam edece\u011fiz.<\/p>\n\n\n\n<p>Bahsetti\u011fim bu \u2018\u2019kal\u0131nan\u2019\u2019 mekanlar\u0131n hislerimize cevap veren form detaylar\u0131n\u0131 da de\u011ferlendirmek istiyorum. Net s\u0131n\u0131rlar\u0131m\u0131z\u0131n oldu\u011funu hissettirmesi pek \u00e7o\u011fumuzun deneyimledi\u011fi bir b\u00f6l\u00fcm. Keskin ama \u015f\u0131k kenarlar, net ama tok ve doluluk hissi uyand\u0131ran kuma\u015flar. Sonbahar\u0131n ge\u00e7i\u015f ve al\u0131\u015ft\u0131rma s\u00fcrecini bu y\u0131l daha sert sezece\u011fimizi, g\u00f6rece\u011fimizi d\u00fc\u015f\u00fcn\u00fcyorum.<\/p>\n\n\n\n<p>Mekanlardaki enerji konusu ise bu mekan\u0131n ger\u00e7ekten \u00f6zenli ve verimli yap\u0131labilmesiyle ilgili de bir taraftan. Tasar\u0131mc\u0131n\u0131n ve dahi \u00fcr\u00fcnlerin zamanla, i\u00e7e sindirilerek, keyifle se\u00e7ilmesi ve yerle\u015ftirilmesi. \u00c7izimlerin ve mekan\u0131n amac\u0131n\u0131n iyi bir mentalle, ho\u015f duygularla i\u015flenmesi; keyifle ve y\u00fcksek standartl\u0131 \u00e7al\u0131\u015fma \u015fartlar\u0131nda olu\u015fturulmas\u0131. T\u00fcm bu detaylar\u0131n mekanlar \u00fczerine etkisi, asl\u0131nda mimarinin \u00f6z\u00fcndeki kaybedilmemesi gereken bile\u015fenlerinden. Mekandaki \u015fantiye s\u00fcrecinin, teknik i\u015flerin dahi olmas\u0131 gereken insani kayg\u0131lar\u0131 ta\u015f\u0131mas\u0131, rahatl\u0131kla i\u015flenmesi gibi detaylar\u0131n \u00f6nemi bu mekanlar\u0131n sizi kendine davetini etkiliyor. Tabii siz de bu kaliteye uyumlu bir frekanstaysan\u0131z.<\/p>\n\n\n\n<p>Se\u00e7ilen \u00fcr\u00fcnlerin detaylar\u0131, formlar\u0131, renkleri, yap\u0131l\u0131\u015f s\u00fcre\u00e7leri&#8230; Pek \u00e7ok detay ve alt ba\u015fl\u0131k, bir mekan\u0131n olu\u015fturulmas\u0131 i\u00e7in verilen t\u00fcm o k\u0131ymetli zamanda anlam kazan\u0131yor. O mekan\u0131n hikayesi sizi ne zaman, ne durumda kendine \u00e7eker bilemeyiz; fakat burada bildi\u011fimiz \u015fey, her ne andaysak o an, o yer ve o his tam da olmas\u0131 gereken halimizdir. Do\u011fru yerde, do\u011fru anda, do\u011fru hislerle, do\u011fru d\u00fc\u015f\u00fcncelerle vars\u0131n\u0131zd\u0131r. Erich Fromm, Sevme Sanat\u0131\u2019nda \u2018\u2019D\u00fcnyay\u0131 t\u00fcm\u00fcyle kavraman\u0131n yolu d\u00fc\u015f\u00fcncede de\u011fil, eylemde birli\u011fin uygulanmas\u0131nda yatmaktad\u0131r.\u2019\u2019 der. \u0130\u00e7inizin akt\u0131\u011f\u0131 mekanlar yolunuzun \u0131\u015f\u0131klar\u0131d\u0131r.<\/p>\n\n\n\n<p>Kal\u0131nan mekanlar\u0131n ve dahi her \u015feyin birden ve bire oldu\u011funun bilincini deneyimleyebilece\u011fimiz her andan sadece bir an \u015fu an da.<\/p>\n\n\n\n<figure class=\"wp-block-image size-full is-resized\"><img loading=\"lazy\" decoding=\"async\" width=\"735\" height=\"806\" src=\"https:\/\/zerriniremakbay.com\/wp-content\/uploads\/2026\/09\/indir-1.jpeg\" alt=\"\" class=\"wp-image-4237\" style=\"aspect-ratio:0.9119276831541585;width:575px;height:auto\" srcset=\"https:\/\/zerriniremakbay.com\/wp-content\/uploads\/2026\/09\/indir-1.jpeg 735w, https:\/\/zerriniremakbay.com\/wp-content\/uploads\/2026\/09\/indir-1-274x300.jpeg 274w\" sizes=\"auto, (max-width: 735px) 100vw, 735px\" \/><\/figure>\n\n\n\n<blockquote class=\"wp-block-quote is-layout-flow wp-block-quote-is-layout-flow\">\n<p class=\"has-small-font-size\"><em>Photo credit: @pinterest<\/em><\/p>\n<\/blockquote>\n\n\n\n<p><strong>Sonu\u00e7 De\u011ferlendirmesi: B\u00fct\u00fcnsellik<\/strong><br>Mekanlar\u0131n kimli\u011fini daha manevi ve farkl\u0131 pencereden konu\u015ftuk; asl\u0131nda tekni\u011fin ve i\u00e7indeki ruhun dengesini her alanda konu\u015fabiliriz, e\u011fer yeterince ortada kalabiliyorsak. G\u00f6rebiliyorsak, a\u00e7\u0131ksak. Mekanlar\u0131n kal\u0131nas\u0131 \u00f6zellikleri, zamanlar\u0131 hepimiz i\u00e7in de\u011fi\u015fiyor ve \u015fekilleniyor. Sesliden dinginli\u011fe, seyahatten yerle\u015fikli\u011fe, zeminden yukar\u0131ya, tekillikten \u00e7o\u011fullu\u011fa&#8230; Pek \u00e7ok deneyimsel s\u00fcrece e\u015flik ediyor her t\u00fcrl\u00fc mekan. Her mekan\u0131n kimli\u011fini g\u00f6rebilmek, uygun mekanlar yaratabilmek, mimari alanda bir tasar\u0131m b\u00fct\u00fcnl\u00fc\u011f\u00fc yans\u0131tabilmek harika bir kayg\u0131d\u0131r. \u0130\u015flevsellikle enerjinin uyumu a\u011fz\u0131n\u0131zda ho\u015f ve aromatik bir tat b\u0131rak\u0131r.<\/p>\n\n\n\n<p>\u00d6ylece, kendili\u011finden ve b\u00fct\u00fcnl\u00fckle kalabildi\u011fimiz mekanlar deneyimleyece\u011fimiz bir Eyl\u00fcl ay\u0131 diliyorum.<\/p>\n\n\n\n<p class=\"has-small-font-size\"><strong><strong><em>Restorat\u00f6r \u0130\u00e7 Mimar<br>Bet\u00fcl AKYAZI<\/em><\/strong><br>\u00a0<a href=\"https:\/\/www.instagram.com\/marben.design?igsh=MW1ia3Q2dTFnMWJtMg==\" target=\"_blank\" rel=\"noreferrer noopener\">@marben.design<\/a><\/strong><\/p>\n","protected":false},"excerpt":{"rendered":"<p>Baz\u0131 mekanlar neden bizi kendine \u00e7eker ve orada biraz daha kalmak isteriz? Mekan kimli\u011fi, tasar\u0131m, renk, doku ve enerji aras\u0131ndaki g\u00f6r\u00fcnmeyen ba\u011f\u0131n izini s\u00fcren bu yaz\u0131, bizi mek\u00e2nlarla kurdu\u011fumuz \u00f6zel ili\u015fkiye davet ediyor. 2026 sonbahar dekorasyon trendlerinde \u00f6ne \u00e7\u0131kan \u00e7ikolata kahvesi, bordo, oxblood, \u015fi\u015fe ye\u015fili ve smoky violet gibi \u00e7arp\u0131c\u0131 renklerin mimariye yans\u0131mas\u0131yla birlikte, bir mek\u00e2n\u0131 \u201ckal\u0131nas\u0131\u201d yapan detaylara farkl\u0131 bir pencereden bak\u0131yoruz. Peki, bizi kendine \u00e7eken mekanlar ger\u00e7ekten tesad\u00fcf m\u00fc?<\/p>\n","protected":false},"author":1,"featured_media":4236,"comment_status":"open","ping_status":"open","sticky":false,"template":"","format":"standard","meta":{"_uag_custom_page_level_css":"","footnotes":""},"categories":[79],"tags":[84,85],"class_list":["post-4235","post","type-post","status-publish","format-standard","has-post-thumbnail","hentry","category-lifestyle","tag-ziaonline","tag-ziaonlinedergi"],"blocksy_meta":[],"uagb_featured_image_src":{"full":["https:\/\/zerriniremakbay.com\/wp-content\/uploads\/2026\/09\/120.png",1200,900,false],"thumbnail":["https:\/\/zerriniremakbay.com\/wp-content\/uploads\/2026\/09\/120-150x150.png",150,150,true],"medium":["https:\/\/zerriniremakbay.com\/wp-content\/uploads\/2026\/09\/120-300x225.png",300,225,true],"medium_large":["https:\/\/zerriniremakbay.com\/wp-content\/uploads\/2026\/09\/120-768x576.png",768,576,true],"large":["https:\/\/zerriniremakbay.com\/wp-content\/uploads\/2026\/09\/120-1024x768.png",1024,768,true],"1536x1536":["https:\/\/zerriniremakbay.com\/wp-content\/uploads\/2026\/09\/120.png",1200,900,false],"2048x2048":["https:\/\/zerriniremakbay.com\/wp-content\/uploads\/2026\/09\/120.png",1200,900,false]},"uagb_author_info":{"display_name":"Z\u0130A ONLINE","author_link":"https:\/\/zerriniremakbay.com\/?author=1"},"uagb_comment_info":0,"uagb_excerpt":"Baz\u0131 mekanlar neden bizi kendine \u00e7eker ve orada biraz daha kalmak isteriz? Mekan kimli\u011fi, tasar\u0131m, renk, doku ve enerji aras\u0131ndaki g\u00f6r\u00fcnmeyen ba\u011f\u0131n izini s\u00fcren bu yaz\u0131, bizi mek\u00e2nlarla kurdu\u011fumuz \u00f6zel ili\u015fkiye davet ediyor. 2026 sonbahar dekorasyon trendlerinde \u00f6ne \u00e7\u0131kan \u00e7ikolata kahvesi, bordo, oxblood, \u015fi\u015fe ye\u015fili ve smoky violet gibi \u00e7arp\u0131c\u0131 renklerin mimariye yans\u0131mas\u0131yla birlikte, bir&hellip;","_links":{"self":[{"href":"https:\/\/zerriniremakbay.com\/index.php?rest_route=\/wp\/v2\/posts\/4235","targetHints":{"allow":["GET"]}}],"collection":[{"href":"https:\/\/zerriniremakbay.com\/index.php?rest_route=\/wp\/v2\/posts"}],"about":[{"href":"https:\/\/zerriniremakbay.com\/index.php?rest_route=\/wp\/v2\/types\/post"}],"author":[{"embeddable":true,"href":"https:\/\/zerriniremakbay.com\/index.php?rest_route=\/wp\/v2\/users\/1"}],"replies":[{"embeddable":true,"href":"https:\/\/zerriniremakbay.com\/index.php?rest_route=%2Fwp%2Fv2%2Fcomments&post=4235"}],"version-history":[{"count":1,"href":"https:\/\/zerriniremakbay.com\/index.php?rest_route=\/wp\/v2\/posts\/4235\/revisions"}],"predecessor-version":[{"id":4239,"href":"https:\/\/zerriniremakbay.com\/index.php?rest_route=\/wp\/v2\/posts\/4235\/revisions\/4239"}],"wp:featuredmedia":[{"embeddable":true,"href":"https:\/\/zerriniremakbay.com\/index.php?rest_route=\/wp\/v2\/media\/4236"}],"wp:attachment":[{"href":"https:\/\/zerriniremakbay.com\/index.php?rest_route=%2Fwp%2Fv2%2Fmedia&parent=4235"}],"wp:term":[{"taxonomy":"category","embeddable":true,"href":"https:\/\/zerriniremakbay.com\/index.php?rest_route=%2Fwp%2Fv2%2Fcategories&post=4235"},{"taxonomy":"post_tag","embeddable":true,"href":"https:\/\/zerriniremakbay.com\/index.php?rest_route=%2Fwp%2Fv2%2Ftags&post=4235"}],"curies":[{"name":"wp","href":"https:\/\/api.w.org\/{rel}","templated":true}]}}