{"id":4076,"date":"2026-06-01T10:30:00","date_gmt":"2026-06-01T10:30:00","guid":{"rendered":"https:\/\/zerriniremakbay.com\/?p=4076"},"modified":"2026-06-15T12:30:50","modified_gmt":"2026-06-15T12:30:50","slug":"arinmis-mekanlar-ile-ferah-bir-yaz","status":"publish","type":"post","link":"https:\/\/zerriniremakbay.com\/?p=4076","title":{"rendered":"Ar\u0131nm\u0131\u015f Mekanlar ile Ferah Bir Yaz"},"content":{"rendered":"\n<p><strong>Zaman S\u00fcreci: Ferah Bir Nefes<\/strong><br>Zaman ne b\u00fcy\u00fcl\u00fc bir kavram. Ne k\u0131ymetli bir arma\u011fan. Her an onun i\u00e7inde ya\u015f\u0131yor, varl\u0131\u011f\u0131n de\u011ferini zamanla anl\u0131yoruz. Art\u0131k yaz mevsiminde oldu\u011fumuz bu ay, k\u0131\u015f\u0131n kal\u0131nl\u0131\u011f\u0131ndan, a\u011f\u0131rl\u0131\u011f\u0131ndan, kapal\u0131l\u0131\u011f\u0131ndan ve so\u011fu\u011fundan ar\u0131nd\u0131\u011f\u0131m\u0131z bir ay. Bu s\u00fcrecin hafifli\u011fini ya\u015fam alanlar\u0131m\u0131z i\u00e7in de deneyimliyoruz. Kulland\u0131\u011f\u0131m\u0131z renkler, e\u015fyalar, belki de aksesuarlar bile daha ferah olabilir enerjisi ta\u015f\u0131yoruz yazla birlikte.<br>Ne\u015feli Haziran ay\u0131 i\u00e7in ya\u015fam alanlar\u0131m\u0131zdaki baz\u0131 detaylar\u0131 konu\u015fal\u0131m istiyorum, yaz\u0131n enerjisiyle&#8230;<\/p>\n\n\n\n<figure class=\"wp-block-image size-large is-resized\"><img loading=\"lazy\" decoding=\"async\" width=\"576\" height=\"1024\" src=\"https:\/\/zerriniremakbay.com\/wp-content\/uploads\/2026\/06\/2-576x1024.jpeg\" alt=\"\" class=\"wp-image-4078\" style=\"width:487px;height:auto\" srcset=\"https:\/\/zerriniremakbay.com\/wp-content\/uploads\/2026\/06\/2-576x1024.jpeg 576w, https:\/\/zerriniremakbay.com\/wp-content\/uploads\/2026\/06\/2-169x300.jpeg 169w, https:\/\/zerriniremakbay.com\/wp-content\/uploads\/2026\/06\/2.jpeg 768w\" sizes=\"auto, (max-width: 576px) 100vw, 576px\" \/><\/figure>\n\n\n\n<blockquote class=\"wp-block-quote is-layout-flow wp-block-quote-is-layout-flow\">\n<p class=\"has-small-font-size\"><em>Photo credit: @pinterest<\/em><\/p>\n<\/blockquote>\n\n\n\n<p><strong>Karar Verelim: Tamamlanan Mekan<\/strong><br>Demek istiyorum ki asl\u0131nda her \u015feyin bir d\u00f6ng\u00fcs\u00fc s\u00f6z konusu. Ay\u0131n d\u00f6ng\u00fcleri, mevsim d\u00f6ng\u00fcleri, ya\u015fam d\u00f6ng\u00fcleri&#8230; T\u00fcm bu d\u00f6ng\u00fcler asl\u0131nda hep bir yeniden ba\u015flama ve \u00f6\u011frenme ve nihayetinde \u00f6\u011frendiklerinle tamamlanmaya ve tekrar yeni bir yeniden ba\u015flamaya do\u011fru ilerliyor. Yaz enerjisini \u015fahsen bir \u00f6nceki yaz d\u00f6ng\u00fcs\u00fcnden itibaren bir \u00f6\u011frenme, fark etme, anlama, dinlenme ve tamamlama olarak zamanland\u0131r\u0131yorum. \u00c7ok zor, \u00e7ok yeni, \u00e7ok g\u00fczel, \u00e7ok mutlu, \u00e7ok sevgili, \u00e7ok \u00fczg\u00fcn de ayn\u0131 zamanda ve muazzam bir i\u00e7sel yeniden yap\u0131lanma olarak de\u011ferlendirebilirim \u015fahs\u0131m ad\u0131na bu k\u0131\u015f s\u00fcrecini. Neticede yaza kadar geldik.<br>\u0130\u00e7inde bulundu\u011fumuz bu enerji tabii ki mekanlar\u0131m\u0131zda da birikiyor ve ister istemez bu enerjinin kal\u0131nt\u0131lar\u0131n\u0131, d\u0131\u015fa vurumlar\u0131n\u0131 mekanlar\u0131m\u0131za da yans\u0131t\u0131yoruz. Yeni e\u015fyalar al\u0131nd\u0131, yeni dekorasyon \u00fcr\u00fcnlerimiz var belki de ya da bir battaniye ald\u0131k, koltukta bekliyordu her an ihtiya\u00e7 olunabilmesi h\u00e2lini. Benim \u00f6zel bir ailem oldu bu k\u0131\u015f mesela; s\u0131cac\u0131k, m\u0131r\u0131l m\u0131r\u0131l bir o\u011flum da var art\u0131k.<br>G\u00f6rsel de\u011ferlendirdi\u011fimizde ise i\u00e7 mekanlar\u0131m\u0131zda havayla birlikte daha kapal\u0131 bir filtre s\u00f6z konusuydu. Ya\u011fmur, serinlik&#8230; Gri tonlar\u0131n\u0131n hakimiyetinde daha durgun bir enerjiye ve g\u00f6rsellere ve belki de de\u011ferlendirmelere ge\u00e7tik enerji olarak da. \u015eimdi hepsi sanki bir dokunu\u015fla \u00e7ok \u00e7ok geride kalm\u0131\u015f gibi hissettiriyor. Bu etkilerin alan\u0131m\u0131za yans\u0131mas\u0131ndaki ilk noktalardan biri, g\u00fcne\u015fin e\u015fsiz ayd\u0131nl\u0131\u011f\u0131n\u0131n t\u00fcm o kasveti ve monotonlu\u011fu da\u011f\u0131tmas\u0131 diyebiliriz. Ve k\u0131\u015fl\u0131klar\u0131n toparlanmas\u0131 tabii. Renklerin a\u00e7\u0131\u011fa \u00e7\u0131kmas\u0131, kal\u0131n ve karanl\u0131k perdelerin yerini keten dokusu ve a\u00e7\u0131k renkli olanlar\u0131n almas\u0131&#8230; Hafiflik hissi k\u0131yafetlerimizden, evimizden ve bizden de e\u015f zamanl\u0131 olarak yans\u0131yor. Kal\u0131n nevresimler, yo\u011fun korumal\u0131 k\u0131\u015f \u00e7aylar\u0131 yerini so\u011fuk i\u00e7eceklere, reng\u00e2renk meyvelere ve en \u00f6nemlisi de ger\u00e7ekten g\u00fcne\u015fin harika \u0131\u015f\u0131\u011f\u0131ndaki enerjiye ve s\u0131cakl\u0131\u011f\u0131na b\u0131rak\u0131yor. Daha s\u0131cak tonlarda g\u00f6r\u00fcyoruz etraf\u0131m\u0131zdaki her detay\u0131, daha \u0131l\u0131man bakabiliyoruz bu s\u0131cakl\u0131kla.<br>Ya\u015fam alan\u0131m\u0131zda da daha a\u00e7\u0131k renkler kullanabiliriz. Mobilyalarda nubuk, deri, babyface kuma\u015flar yaz i\u00e7in bize \u00e7ok konfor sa\u011flamayacak, hatta aksine kullan\u0131m\u0131 rahat olmayacak kuma\u015flar. Bunlar\u0131n yerine nefes alan keten, bambu, pamuklu kuma\u015flar tercih edilmeli.<br>Daha sade veya yorucu olmayan aksesuarlar, renkler tercih edilebilirse bu 2026 y\u0131l\u0131n\u0131n yaz\u0131na hepimiz i\u00e7in sanki daha adapte ve b\u00fct\u00fcn olarak ge\u00e7ilebilir gibi&#8230; (Uzun bir k\u0131\u015ft\u0131 ger\u00e7ekten.) Bu konuyla birlikte Pantone yaz rengini payla\u015fmak istiyorum: <em>PANTONE 11-4201 Cloud Dancer.<\/em> Bu tonu pek \u00e7ok alanda kullan\u0131labilecek olmam\u0131z, de\u011ferlendirilebilir alanlar\u0131 \u00e7o\u011falt\u0131yor. Duvar boyas\u0131, kuma\u015flar, mumlar gibi k\u00fc\u00e7\u00fck aksesuarlar, k\u0131yafetler&#8230; Ayr\u0131ca aksesuarlara de\u011finirsek b\u00fcy\u00fck vazolar\u0131m\u0131z, daha g\u00f6r\u00fcn\u00fcr olacak olan bitkilerimiz yaz\u0131m\u0131z\u0131n en uygun par\u00e7alar\u0131 olacakt\u0131r.<br>Asl\u0131nda her d\u00f6ng\u00fc sonunda dolunay gibi tamamlan\u0131p ne\u015feli ve \u0131\u015f\u0131lt\u0131l\u0131 g\u00fcnlere ge\u00e7ti\u011fimizi hissediyorum; sonu\u00e7ta ay\u0131n en fazla \u0131\u015f\u0131\u011f\u0131n\u0131 g\u00f6rebildi\u011fimiz h\u00e2li dolunay h\u00e2li de\u011fil mi? Tamamlanma, i\u00e7indeki t\u00fcm \u0131\u015f\u0131\u011f\u0131n da g\u00f6r\u00fcn\u00fcr olabilmesi demektir&#8230; Yeni d\u00f6ng\u00fcn\u00fcn heyecan\u0131n\u0131 da payla\u015farak ve iyile\u015ferek kucaklayal\u0131m. \u0130lerlemek, ak\u0131\u015fta ve hayatta olmak, yap\u0131lmas\u0131 gereken en \u201cya\u015famak h\u00e2li\u201d diye d\u00fc\u015f\u00fcn\u00fcyorum.<\/p>\n\n\n\n<figure class=\"wp-block-image size-large is-resized\"><img loading=\"lazy\" decoding=\"async\" width=\"683\" height=\"1024\" src=\"https:\/\/zerriniremakbay.com\/wp-content\/uploads\/2026\/06\/1-683x1024.jpeg\" alt=\"\" class=\"wp-image-4077\" style=\"width:484px;height:auto\" srcset=\"https:\/\/zerriniremakbay.com\/wp-content\/uploads\/2026\/06\/1-683x1024.jpeg 683w, https:\/\/zerriniremakbay.com\/wp-content\/uploads\/2026\/06\/1-200x300.jpeg 200w, https:\/\/zerriniremakbay.com\/wp-content\/uploads\/2026\/06\/1-768x1152.jpeg 768w, https:\/\/zerriniremakbay.com\/wp-content\/uploads\/2026\/06\/1-1024x1536.jpeg 1024w, https:\/\/zerriniremakbay.com\/wp-content\/uploads\/2026\/06\/1.jpeg 1067w\" sizes=\"auto, (max-width: 683px) 100vw, 683px\" \/><\/figure>\n\n\n\n<blockquote class=\"wp-block-quote is-layout-flow wp-block-quote-is-layout-flow\">\n<p class=\"has-small-font-size\"><em>Photo credit: @pinterest<\/em><\/p>\n<\/blockquote>\n\n\n\n<figure class=\"wp-block-image size-large is-resized\"><img loading=\"lazy\" decoding=\"async\" width=\"768\" height=\"1024\" src=\"https:\/\/zerriniremakbay.com\/wp-content\/uploads\/2026\/06\/3-768x1024.jpeg\" alt=\"\" class=\"wp-image-4079\" style=\"width:483px;height:auto\" srcset=\"https:\/\/zerriniremakbay.com\/wp-content\/uploads\/2026\/06\/3-768x1024.jpeg 768w, https:\/\/zerriniremakbay.com\/wp-content\/uploads\/2026\/06\/3-225x300.jpeg 225w, https:\/\/zerriniremakbay.com\/wp-content\/uploads\/2026\/06\/3-1152x1536.jpeg 1152w, https:\/\/zerriniremakbay.com\/wp-content\/uploads\/2026\/06\/3.jpeg 1200w\" sizes=\"auto, (max-width: 768px) 100vw, 768px\" \/><\/figure>\n\n\n\n<blockquote class=\"wp-block-quote is-layout-flow wp-block-quote-is-layout-flow\">\n<p class=\"has-small-font-size\"><em>Photo credit: @pinterest<\/em><\/p>\n<\/blockquote>\n\n\n\n<p><strong>Sonu\u00e7 De\u011ferlendirmesi: Hafiflik<\/strong><br>D\u00f6ng\u00fclerin tamamlanmas\u0131, kendimizle de s\u00fcrekli olarak tecr\u00fcbe etti\u011fimiz bir \u015fey. Baz\u0131 y\u00f6nlerimizi tamaml\u0131yoruz ama sonra bak\u0131yoruz, o tamamlanan yerde ba\u015fka \u015feyleri de g\u00f6r\u00fcyoruz. Belki ya\u015fla, belki farkl\u0131 bir ya\u015fanm\u0131\u015fl\u0131kla&#8230; S\u00fcrekli ilerliyoruz. \u0130nan\u0131lmaz heyecanl\u0131 ve bol ke\u015fifli bir yolday\u0131z. \u0130lerleme cesaretini ta\u015f\u0131yabildi\u011fimiz olu\u015fumlar tasarlayabilelimi niyet ediyorum herkes i\u00e7in. Yaz\u0131n mutlulu\u011fu gibi hayat\u0131m\u0131zda da her evrenin bir yaz\u0131 oldu\u011funu, olaca\u011f\u0131n\u0131 bilelim isterim.<br>Rumi\u2019den sonland\u0131r\u0131rsam yaz\u0131m\u0131:<br>\u201cHer \u015fey vaktini bekler. Ne g\u00fcl vaktinden \u00f6nce a\u00e7ar ne de g\u00fcne\u015f vaktinden erken do\u011far. Bekle, senin olan zaten sana gelecektir.\u201d<br>Herkese kalbindeki niyetler gibi bir Haziran diliyorum. \u00d6z\u00fcm\u00fcz, hislerimiz, tercihlerimiz olu\u015fturuyor yolumuzu. Ve her daim Bir\u2019deyiz. Yani asl\u0131nda yolumuz olu\u015fturuyor \u00f6z\u00fcm\u00fcz\u00fc, hislerimizi, tercihlerimizi&#8230;<\/p>\n\n\n\n<p class=\"has-small-font-size\"><strong><em>Restorat\u00f6r \u0130\u00e7 Mimar<br>Bet\u00fcl AKYAZI<\/em><\/strong><br>\u00a0<a href=\"https:\/\/www.instagram.com\/marben.design?igsh=MW1ia3Q2dTFnMWJtMg==\" target=\"_blank\" rel=\"noreferrer noopener\">@marben.design<\/a><\/p>\n","protected":false},"excerpt":{"rendered":"<p>Bu yaz\u0131m\u0131zda, yaz mevsiminin ya\u015fam alanlar\u0131na ve ruh h\u00e2line etkileri ele al\u0131n\u0131yor. A\u00e7\u0131k renkler, do\u011fal kuma\u015flar, sade dekorasyon tercihleri ve mevsimsel d\u00f6n\u00fc\u015f\u00fcm\u00fcn mek\u00e2nlara yans\u0131mas\u0131 \u00fczerinden yaz\u0131n ferahl\u0131k enerjisi de\u011ferlendiriliyor. Ev dekorasyonu, yazl\u0131k ya\u015fam alanlar\u0131 ve mevsim ge\u00e7i\u015flerinde mek\u00e2n d\u00fczenlemeleri hakk\u0131nda ilham veren \u00f6neriler sunuluyor.<\/p>\n","protected":false},"author":3,"featured_media":4082,"comment_status":"open","ping_status":"open","sticky":false,"template":"","format":"standard","meta":{"_uag_custom_page_level_css":"","footnotes":""},"categories":[79],"tags":[108,84,85],"class_list":["post-4076","post","type-post","status-publish","format-standard","has-post-thumbnail","hentry","category-lifestyle","tag-dekorasyon","tag-ziaonline","tag-ziaonlinedergi"],"blocksy_meta":[],"uagb_featured_image_src":{"full":["https:\/\/zerriniremakbay.com\/wp-content\/uploads\/2026\/06\/1200x900-1-1.png",1200,900,false],"thumbnail":["https:\/\/zerriniremakbay.com\/wp-content\/uploads\/2026\/06\/1200x900-1-1-150x150.png",150,150,true],"medium":["https:\/\/zerriniremakbay.com\/wp-content\/uploads\/2026\/06\/1200x900-1-1-300x225.png",300,225,true],"medium_large":["https:\/\/zerriniremakbay.com\/wp-content\/uploads\/2026\/06\/1200x900-1-1-768x576.png",768,576,true],"large":["https:\/\/zerriniremakbay.com\/wp-content\/uploads\/2026\/06\/1200x900-1-1-1024x768.png",1024,768,true],"1536x1536":["https:\/\/zerriniremakbay.com\/wp-content\/uploads\/2026\/06\/1200x900-1-1.png",1200,900,false],"2048x2048":["https:\/\/zerriniremakbay.com\/wp-content\/uploads\/2026\/06\/1200x900-1-1.png",1200,900,false]},"uagb_author_info":{"display_name":"BET\u00dcL AKYAZI","author_link":"https:\/\/zerriniremakbay.com\/?author=3"},"uagb_comment_info":0,"uagb_excerpt":"Bu yaz\u0131m\u0131zda, yaz mevsiminin ya\u015fam alanlar\u0131na ve ruh h\u00e2line etkileri ele al\u0131n\u0131yor. A\u00e7\u0131k renkler, do\u011fal kuma\u015flar, sade dekorasyon tercihleri ve mevsimsel d\u00f6n\u00fc\u015f\u00fcm\u00fcn mek\u00e2nlara yans\u0131mas\u0131 \u00fczerinden yaz\u0131n ferahl\u0131k enerjisi de\u011ferlendiriliyor. Ev dekorasyonu, yazl\u0131k ya\u015fam alanlar\u0131 ve mevsim ge\u00e7i\u015flerinde mek\u00e2n d\u00fczenlemeleri hakk\u0131nda ilham veren \u00f6neriler sunuluyor.","_links":{"self":[{"href":"https:\/\/zerriniremakbay.com\/index.php?rest_route=\/wp\/v2\/posts\/4076","targetHints":{"allow":["GET"]}}],"collection":[{"href":"https:\/\/zerriniremakbay.com\/index.php?rest_route=\/wp\/v2\/posts"}],"about":[{"href":"https:\/\/zerriniremakbay.com\/index.php?rest_route=\/wp\/v2\/types\/post"}],"author":[{"embeddable":true,"href":"https:\/\/zerriniremakbay.com\/index.php?rest_route=\/wp\/v2\/users\/3"}],"replies":[{"embeddable":true,"href":"https:\/\/zerriniremakbay.com\/index.php?rest_route=%2Fwp%2Fv2%2Fcomments&post=4076"}],"version-history":[{"count":1,"href":"https:\/\/zerriniremakbay.com\/index.php?rest_route=\/wp\/v2\/posts\/4076\/revisions"}],"predecessor-version":[{"id":4080,"href":"https:\/\/zerriniremakbay.com\/index.php?rest_route=\/wp\/v2\/posts\/4076\/revisions\/4080"}],"wp:featuredmedia":[{"embeddable":true,"href":"https:\/\/zerriniremakbay.com\/index.php?rest_route=\/wp\/v2\/media\/4082"}],"wp:attachment":[{"href":"https:\/\/zerriniremakbay.com\/index.php?rest_route=%2Fwp%2Fv2%2Fmedia&parent=4076"}],"wp:term":[{"taxonomy":"category","embeddable":true,"href":"https:\/\/zerriniremakbay.com\/index.php?rest_route=%2Fwp%2Fv2%2Fcategories&post=4076"},{"taxonomy":"post_tag","embeddable":true,"href":"https:\/\/zerriniremakbay.com\/index.php?rest_route=%2Fwp%2Fv2%2Ftags&post=4076"}],"curies":[{"name":"wp","href":"https:\/\/api.w.org\/{rel}","templated":true}]}}