{"id":3787,"date":"2024-05-01T10:00:00","date_gmt":"2024-05-01T10:00:00","guid":{"rendered":"https:\/\/zerriniremakbay.com\/?p=3787"},"modified":"2026-02-06T19:25:43","modified_gmt":"2026-02-06T19:25:43","slug":"tasarim-odakli-dusunce-ve-ic-mekan-tasariminda-olmazsa-olmazlar","status":"publish","type":"post","link":"https:\/\/zerriniremakbay.com\/?p=3787","title":{"rendered":"Tasar\u0131m Odakl\u0131 D\u00fc\u015f\u00fcnce ve \u0130\u00e7 Mek\u00e2n Tasar\u0131m\u0131nda Olmazsa Olmazlar"},"content":{"rendered":"\n<p class=\"has-medium-font-size\" id=\"foo\"><em>Y\u00fcksek \u0130\u00e7 Mimar Tasar\u0131mc\u0131 \/ Tasar\u0131m Park\u0131\u2019n\u0131n kurucusu Nursema \u00d6zt\u00fcrk\u2019\u00fcn kaleminden tasar\u0131m odakl\u0131 d\u00fc\u015f\u00fcnce ve i\u00e7 mek\u00e2n tasar\u0131m\u0131nda olmazsa olmazlar&#8230;<\/em><\/p>\n\n\n\n<p id=\"30hes1205\">Tasarlanacak alan, mek\u00e2n bir konut ise o mek\u00e2n\u0131 en g\u00fczel ve \u015f\u0131k g\u00f6sterenlerin ba\u015f\u0131nda \u015f\u00f6mine ve kitapl\u0131k geliyor benim i\u00e7in. TV\u2019leri ya\u015fam alanlar\u0131ndaki ba\u015fk\u00f6\u015feye koyma al\u0131\u015fkanl\u0131\u011f\u0131 bitmeli diye d\u00fc\u015f\u00fcn\u00fcyorum. \u00c7\u00fcnk\u00fc TV\u2019ler ileti\u015fimi, sohbeti kesen ilgi da\u011f\u0131t\u0131c\u0131 elektronik aletler.&nbsp;<\/p>\n\n\n\n<p id=\"ukosd1207\">Bunun d\u0131\u015f\u0131nda \u00e7ok rahat ve geni\u015f \u00fc\u00e7l\u00fc kanepe, tak\u0131m\u0131 olmayan, tasar\u0131m tekli koltuklar ve sehpa ile ya\u015fam alan\u0131 yeteri kadar mobilya ile donat\u0131lm\u0131\u015f olur.&nbsp;<\/p>\n\n\n\n<p id=\"a0f5u1210\">B\u00fcy\u00fck mek\u00e2nlarda yemek alan\u0131 olursa muhte\u015fem olur ancak baz\u0131 k\u00fc\u00e7\u00fck mek\u00e2nlarda yani standart apartman dairelerinde evi nas\u0131l d\u00fczenleyece\u011finizi bilemezsiniz, metrekareleri o kadar k\u00fc\u00e7\u00fckt\u00fcr ki bir yemek masas\u0131 koyacak yer bulamazs\u0131n\u0131z bile. Yemek masas\u0131 b\u00fcy\u00fck se\u00e7ilirse mek\u00e2na g\u00f6re \u00e7ok g\u00fczel olur, yemek alan\u0131 evin toplan\u0131lan ve en keyifli zamanlar\u0131n\u0131n ge\u00e7irilece\u011fi bereket alan\u0131d\u0131r. Bu alan\u0131n mobilyalar\u0131 ya do\u011fal ah\u015fap bir masa ya da porselen bir malzemeden imal edilmi\u015f bir masa tablas\u0131 ile tasarlanm\u0131\u015f, metal \u015f\u0131k bir ayakla tamamlanm\u0131\u015f bir masa olabilir. Yemek masas\u0131 arkas\u0131nda bir dresuar olabilir veya daha geni\u015f bir yemek servislerinin konulaca\u011f\u0131 dolap ile kombin edilebilir. Bu mobilyalar\u0131n tak\u0131m olmas\u0131 bence gerekli de de\u011fildir, birbiri ile uyumlu olmas\u0131 ve bir konsept olu\u015fturmas\u0131 yeterlidir.&nbsp;<\/p>\n\n\n\n<p id=\"zfe081213\"><strong>Aksesuar Se\u00e7imi<\/strong><\/p>\n\n\n\n<p id=\"4lc4x1215\">En sevdi\u011fim aksesuar abajurlard\u0131r.<\/p>\n\n\n\n<p id=\"xmwhw1217\">Endirekt ayd\u0131nlatma kullan\u0131lmas\u0131 mek\u00e2na ayr\u0131 bir hava ve softluk katar.&nbsp;<\/p>\n\n\n\n<p id=\"3bo521219\">Abajur; Frans\u0131zca&nbsp;<em>abat-jour<\/em>&nbsp;s\u00f6zc\u00fc\u011f\u00fcnden gelir. Bu s\u00f6zc\u00fck Frans\u0131zca k\u0131smak anlam\u0131ndaki abattre eyleminin k\u00f6keni olan abat s\u00f6zc\u00fc\u011f\u00fc ile \u0131\u015f\u0131k, g\u00fcn anlam\u0131ndaki jour s\u00f6zc\u00fc\u011f\u00fcn\u00fcn birlikte kullan\u0131lmas\u0131yla olu\u015fmu\u015f olup; \u201c\u0131\u015f\u0131k k\u0131sar\u201d, \u201clamba siperi\u201d anlamlar\u0131na gelmektedir.&nbsp;<\/p>\n\n\n\n<p id=\"851i11223\">Evinizdeki renk b\u00fct\u00fcnl\u00fc\u011f\u00fcne g\u00f6re abajur se\u00e7imlerini \u00e7o\u011faltabilirsiniz. G\u00fcn \u0131\u015f\u0131\u011f\u0131 olmas\u0131na mutlaka dikkat edin.<\/p>\n\n\n\n<p id=\"gfr651226\">Bir di\u011fer aksesuar ise yast\u0131klar.&nbsp;<\/p>\n\n\n\n<p id=\"376of1228\">Yast\u0131klar \u00e7ok kolay ula\u015fabilece\u011finiz, hatta kendiniz yapmak isterseniz; perdenizden artan kuma\u015ftan, eski bir kazaktan bile \u00fcretebilece\u011finiz binlerce se\u00e7enek ile doludur.&nbsp;<\/p>\n\n\n\n<p id=\"svwet1231\"><strong>Tasar\u0131m Odakl\u0131 D\u00fc\u015f\u00fcnme A\u015famalar\u0131<\/strong><\/p>\n\n\n\n<p id=\"5cx5e1233\">Rasyonel, var olmu\u015f ve ger\u00e7ek\u00e7i bir temele oturan, ihtiya\u00e7lar ile kullan\u0131lacak ara\u00e7lar vb.. Bu a\u015famalarda olmas\u0131 gerekenlerdir.<\/p>\n\n\n\n<p id=\"5v2po1235\">Bir\u00e7ok firma, kurum veya markan\u0131n kulland\u0131\u011f\u0131 d\u00fc\u015f\u00fcnme ara\u00e7lar\u0131 birbirinden farkl\u0131 olabilir. Ancak temelinde ayn\u0131 olan bu d\u00fc\u015f\u00fcnce sistemi \/ metodolojisi, genel hatlar\u0131 ile 5 a\u015famadan olu\u015fur.<\/p>\n\n\n\n<p id=\"v8qrr1239\">*<em>&nbsp;<\/em><strong><em>\u0130lk a\u015fama<\/em><\/strong>, empati kurmak. \u0130lgili konunun muhataplar\u0131 ve kullan\u0131c\u0131lar\u0131 merkeze alarak konuyu onlar\u0131n bak\u0131\u015f a\u00e7\u0131s\u0131ndan g\u00f6rmek.<\/p>\n\n\n\n<p id=\"d493y1245\">*<strong>&nbsp;<em>\u0130kinci a\u015fama<\/em><\/strong>, \u0130htiya\u00e7 duyulan konu, i\u00e7inde olan t\u00fcm nedenler, ihtiya\u00e7lar ve sorunlar \u00e7er\u00e7evesinde incelenerek \u0130htiya\u00e7 haritas\u0131 \u00e7\u0131kart\u0131l\u0131r.&nbsp;<\/p>\n\n\n\n<p id=\"qm0e01251\">*<strong><em>&nbsp;\u00dc\u00e7\u00fcnc\u00fc a\u015fama<\/em><\/strong>, Tasarlama s\u00fcreci ile \u00e7\u00f6z\u00fcm \u00fcretme a\u015famas\u0131na ge\u00e7ilir. Yenilik\u00e7i ve i\u015flevsel \u00e7\u00f6z\u00fcmler i\u00e7in fikir al\u0131\u015fveri\u015fi yap\u0131l\u0131r, farkl\u0131 varyasyonlar ile tart\u0131\u015f\u0131l\u0131r.<\/p>\n\n\n\n<p id=\"lwrgt1256\">*<strong><em>&nbsp;D\u00f6rd\u00fcnc\u00fc a\u015fama<\/em><\/strong>, bir \u00f6nceki a\u015famada \u00f6ne s\u00fcr\u00fclen farkl\u0131 fikirler, ortak ihtiya\u00e7lar \u00e7er\u00e7evesinde bir araya getirilerek prototip \/ \u00d6n \u00fcr\u00fcn olarak de\u011ferlendirilir. Konunun \u00e7\u00f6z\u00fcm \u00f6nerileri mant\u0131kl\u0131, d\u00fczenli, sistematik bir alana oturtulmu\u015f olur.<\/p>\n\n\n\n<p id=\"wnoz41261\">*<strong><em>&nbsp;Be\u015finci a\u015fama<\/em><\/strong>, ise se\u00e7ilen \u00e7\u00f6z\u00fcmler. \u00d6nce hayal edilir, sonar test edilir ve ortaya \u00e7\u0131kan sonu\u00e7lar de\u011ferlendirilir.<\/p>\n\n\n\n<p id=\"r3f8q1266\">Tasar\u0131m \/ yarat\u0131c\u0131 d\u00fc\u015f\u00fcnme teknikleri ile ;&nbsp;<\/p>\n\n\n\n<p id=\"v41zr1268\">Kullan\u0131c\u0131y\u0131 anlayan, al\u0131\u015f\u0131lagelmi\u015f, kal\u0131pla\u015fm\u0131\u015f bilgiye meydan okuyan, yeniden yarat\u0131m s\u00fcrecine giren, tek do\u011frusu olmadan, tekrar tekrar yarat\u0131lmas\u0131na s\u0131cak bakan, sabit bir d\u00fc\u015f\u00fcnce veya fikre tak\u0131lmayan, daha farkl\u0131 ne olabilir ile&nbsp; d\u00fc\u015f\u00fcnen. a\u00e7\u0131k bir bak\u0131\u015f a\u00e7\u0131s\u0131 ile 360 derece d\u00fc\u015f\u00fcnme y\u00f6ntemi geli\u015ftiren ve olumsuz d\u00fc\u015f\u00fcnmeden yol alabilen bir y\u00f6ntemdir..<\/p>\n\n\n\n<p id=\"wc37s1271\"><strong>Tasar\u0131m Odakl\u0131 D\u00fc\u015f\u00fcnme Hangi Alanlarda Uygulan\u0131r?<\/strong><\/p>\n\n\n\n<p id=\"gqqjm1273\">Sadece tasarlamak, yeni bir \u00fcr\u00fcn yaratmak \u00fczerine de\u011fil, hayat\u0131n her alan\u0131nda uygulanabilir. Yemek yapmak, bir \u015feyi bir \u015feyle uyumlu k\u0131lmak, ki\u015fisel geli\u015fimde \u00e7\u00f6z\u00fcmler \u00fcretmek, bir fikri hayata ge\u00e7irme konusunda&nbsp; \u00e7\u0131k\u0131\u015f yollar\u0131, \u00fcretim pazarlama y\u00f6ntemleri bulmak, reklamc\u0131l\u0131k vb\u2026 Asl\u0131nda biz buna giri\u015fimcilik de diyebiliriz.&nbsp;<\/p>\n\n\n\n<p id=\"iqbf01275\">Nas\u0131l tasar\u0131mda, mek\u00e2n \u00e7\u00f6z\u00fcmlerinde bir fikir ile bak\u0131\u015f a\u00e7\u0131s\u0131n\u0131 geni\u015fletti\u011fimizde \u00e7\u00f6z\u00fcmler bulabiliyorsak, b\u00fcy\u00fck \u015firketler de giri\u015fimciliklerini bu y\u00f6ntemlerle geli\u015ftirip, geni\u015f kapsaml\u0131 projeler ile hayat\u0131n her an\u0131nda ve alan\u0131nda uygulanabilir y\u00f6ntemler oldu\u011funu kabul ediyorlar.&nbsp;<\/p>\n\n\n\n<p id=\"wwz3z1277\">Yarat\u0131c\u0131 sekt\u00f6rler, \u015firketler ve kurumlar, bu y\u00f6ntemleri kullan\u0131p pratik yapabilmek i\u00e7in, tasar\u0131m odakl\u0131 d\u00fc\u015f\u00fcnme sisteminini uygulamak i\u00e7in \u00e7e\u015fitli workshop&#8217;lar d\u00fczenleyebilir ya da hedef kitle olarak da kullan\u0131c\u0131lardan&nbsp; fikir alabilir. ( kullan\u0131c\u0131 deneyimi)&nbsp;&nbsp;<\/p>\n\n\n\n<p id=\"bssmr1279\">Bak\u0131\u015f a\u00e7\u0131lar\u0131nda ba\u015fka fikirlere de yer vererek kendilerini geli\u015ftirebilirler.&nbsp;<\/p>\n\n\n\n<p id=\"4qerw1281\">\u2018\u2019Fikir fikirden her zaman \u00fcst\u00fcnd\u00fcr. \u2018\u2019 Burada dikkat edilmesi ve odaklan\u0131lmas\u0131 gereken ki\u015filer de\u011fil .. F\u0130K\u0130R\u2019dir\u2026<\/p>\n\n\n\n<p id=\"y3lhw1283\">Tasar\u0131m odakl\u0131 d\u00fc\u015f\u00fcnmede \u00e7evresel fakt\u00f6rler, al\u0131\u015fkanl\u0131klar ve kal\u0131plar\u0131n d\u0131\u015f\u0131na \u00e7\u0131kmak gerekir.&nbsp;<\/p>\n\n\n\n<p id=\"m88nj1285\">Bu d\u00fc\u015f\u00fcnce sistemi yaln\u0131zca \u015firketlerin \u0130nsan Kaynaklar\u0131 ya da Ar-Ge departmanlar\u0131nda de\u011fil, t\u00fcm departmanlar\u0131n \u00e7al\u0131\u015fma bi\u00e7imiyle b\u00fct\u00fcnle\u015fmelidir. Tasar\u0131m odakl\u0131 d\u00fc\u015f\u00fcnmeyi benimsemek isteyen her ger\u00e7ek ve t\u00fczel ki\u015finin farkl\u0131 \u00f6yk\u00fclerden ve ki\u015filerden ilham almay\u0131, onlar\u0131n fikirlerini de\u011ferli bulmay\u0131 \u00f6\u011frenmesi gerekir.&nbsp;<\/p>\n\n\n\n<p id=\"hxzu01287\">Bu arada tasar\u0131m felsefem ile \u00fcr\u00fcn\u00fcme yans\u0131yan en b\u00fcy\u00fck \u00f6zellik olmas\u0131n\u0131 istedi\u011fim, \u00e7ok fonksiyonellik ile bir formun sonsuz varyasyonlar ile \u00e7o\u011fal\u0131p bir tasar\u0131m haline gelebilmesi idi. Bu ama\u00e7 ile tasarlad\u0131\u011f\u0131m U-Box mobilya ve ah\u015fap blok oyunlar ile Tasar\u0131m odakl\u0131 d\u00fc\u015f\u00fcnme y\u00f6ntemine \u00e7ok uydu\u011funu s\u00f6yleyebilirim.&nbsp;<\/p>\n\n\n\n<p id=\"h04qn1289\"><a href=\"https:\/\/ubox.com.tr\/\" rel=\"noreferrer noopener\" target=\"_blank\"><u>www.ubox.com.tr<\/u><\/a><\/p>\n\n\n\n<p id=\"v04bu1292\">U-Box ah\u015fap oyun bloklar\u0131 aile i\u00e7i faliyetler i\u00e7in de olduk\u00e7a keyifli ve yarat\u0131c\u0131\u2026 Konuyla alakal\u0131 makalemize g\u00f6z at\u0131n.&nbsp;<\/p>\n\n\n\n<p id=\"bn1fp1295\">Sonu\u00e7 olarak hayat\u0131m\u0131z\u0131n her alan\u0131nda yer alan bu y\u00f6ntemi bu g\u00fcne kadar \u00e7ok fark etmesek de kulland\u0131\u011f\u0131m\u0131z\u0131 da bilmeden uyguluyorduk, asl\u0131nda toplumun d\u00fcnyan\u0131n geli\u015fimi bu y\u00f6ntem ile oldu, ke\u015fifler icatlar oldu ve teknolojik olarak hala geli\u015fmekte ve d\u00fcnyam\u0131z var olmaya devam etmektedir. Hatta bazen bu y\u00f6ntemler usule uygun ve etik kullanamay\u0131nca \u00e7arp\u0131k kentle\u015fme ile, m\u00fccadele etme aksiyonuna girmek durumunda kalmaktay\u0131z. Her g\u00fczel fikrin arkas\u0131nda olmak i\u00e7in ara\u015ft\u0131rmaya, bilgiye ve fikre de\u011fer veren bir toplum olmaya g\u00f6n\u00fcll\u00fc olmam\u0131z en ba\u015fta gelen durumdur.<\/p>\n\n\n\n<p class=\"has-medium-font-size\" id=\"7s36f1298\"><em>Yarat\u0131c\u0131l\u0131\u011f\u0131m\u0131za\u2026 \u00e7\u00f6z\u00fcm odakl\u0131 fikirlerimizle , ho\u015fg\u00f6r\u00fc ve kabul i\u00e7inde olal\u0131m ..&nbsp; Eski k\u00f6ye yeni adet getirelim\u2026.<\/em><\/p>\n","protected":false},"excerpt":{"rendered":"<p>Y\u00fcksek \u0130\u00e7 Mimar ve Tasar\u0131m Park\u0131 kurucusu Nursema \u00d6zt\u00fcrk, i\u00e7 mek\u00e2n tasar\u0131m\u0131nda olmazsa olmazlar\u0131 ve tasar\u0131m odakl\u0131 d\u00fc\u015f\u00fcnce s\u00fcre\u00e7lerini anlat\u0131yor. \u015e\u00f6mineden kitapl\u0131\u011fa, abajurlardan yast\u0131klara, mek\u00e2n d\u00fczenlemede fonksiyonellikten esteti\u011fe; ad\u0131m ad\u0131m tasar\u0131m\u0131n nas\u0131l planlanaca\u011f\u0131n\u0131 ve yarat\u0131c\u0131 \u00e7\u00f6z\u00fcmlerle ya\u015fam alanlar\u0131n\u0131n nas\u0131l d\u00f6n\u00fc\u015ft\u00fcr\u00fclebilece\u011fini \u00f6\u011frenin. Ayr\u0131ca U-Box mobilya ve ah\u015fap blok oyunlar ile tasar\u0131m odakl\u0131 d\u00fc\u015f\u00fcnmenin g\u00fcnl\u00fck hayatta ve aile i\u00e7i aktivitelerde nas\u0131l uygulanabilece\u011fini ke\u015ffedin.<\/p>\n","protected":false},"author":1,"featured_media":3788,"comment_status":"open","ping_status":"open","sticky":false,"template":"","format":"standard","meta":{"_uag_custom_page_level_css":"","footnotes":""},"categories":[77],"tags":[110,84,85],"class_list":["post-3787","post","type-post","status-publish","format-standard","has-post-thumbnail","hentry","category-kultur-sanat","tag-tasarim","tag-ziaonline","tag-ziaonlinedergi"],"blocksy_meta":[],"uagb_featured_image_src":{"full":["https:\/\/zerriniremakbay.com\/wp-content\/uploads\/2026\/02\/1200x900-5-1.png",1200,900,false],"thumbnail":["https:\/\/zerriniremakbay.com\/wp-content\/uploads\/2026\/02\/1200x900-5-1-150x150.png",150,150,true],"medium":["https:\/\/zerriniremakbay.com\/wp-content\/uploads\/2026\/02\/1200x900-5-1-300x225.png",300,225,true],"medium_large":["https:\/\/zerriniremakbay.com\/wp-content\/uploads\/2026\/02\/1200x900-5-1-768x576.png",768,576,true],"large":["https:\/\/zerriniremakbay.com\/wp-content\/uploads\/2026\/02\/1200x900-5-1-1024x768.png",1024,768,true],"1536x1536":["https:\/\/zerriniremakbay.com\/wp-content\/uploads\/2026\/02\/1200x900-5-1.png",1200,900,false],"2048x2048":["https:\/\/zerriniremakbay.com\/wp-content\/uploads\/2026\/02\/1200x900-5-1.png",1200,900,false]},"uagb_author_info":{"display_name":"Z\u0130A ONLINE","author_link":"https:\/\/zerriniremakbay.com\/?author=1"},"uagb_comment_info":0,"uagb_excerpt":"Y\u00fcksek \u0130\u00e7 Mimar ve Tasar\u0131m Park\u0131 kurucusu Nursema \u00d6zt\u00fcrk, i\u00e7 mek\u00e2n tasar\u0131m\u0131nda olmazsa olmazlar\u0131 ve tasar\u0131m odakl\u0131 d\u00fc\u015f\u00fcnce s\u00fcre\u00e7lerini anlat\u0131yor. \u015e\u00f6mineden kitapl\u0131\u011fa, abajurlardan yast\u0131klara, mek\u00e2n d\u00fczenlemede fonksiyonellikten esteti\u011fe; ad\u0131m ad\u0131m tasar\u0131m\u0131n nas\u0131l planlanaca\u011f\u0131n\u0131 ve yarat\u0131c\u0131 \u00e7\u00f6z\u00fcmlerle ya\u015fam alanlar\u0131n\u0131n nas\u0131l d\u00f6n\u00fc\u015ft\u00fcr\u00fclebilece\u011fini \u00f6\u011frenin. Ayr\u0131ca U-Box mobilya ve ah\u015fap blok oyunlar ile tasar\u0131m odakl\u0131 d\u00fc\u015f\u00fcnmenin g\u00fcnl\u00fck hayatta ve&hellip;","_links":{"self":[{"href":"https:\/\/zerriniremakbay.com\/index.php?rest_route=\/wp\/v2\/posts\/3787","targetHints":{"allow":["GET"]}}],"collection":[{"href":"https:\/\/zerriniremakbay.com\/index.php?rest_route=\/wp\/v2\/posts"}],"about":[{"href":"https:\/\/zerriniremakbay.com\/index.php?rest_route=\/wp\/v2\/types\/post"}],"author":[{"embeddable":true,"href":"https:\/\/zerriniremakbay.com\/index.php?rest_route=\/wp\/v2\/users\/1"}],"replies":[{"embeddable":true,"href":"https:\/\/zerriniremakbay.com\/index.php?rest_route=%2Fwp%2Fv2%2Fcomments&post=3787"}],"version-history":[{"count":2,"href":"https:\/\/zerriniremakbay.com\/index.php?rest_route=\/wp\/v2\/posts\/3787\/revisions"}],"predecessor-version":[{"id":3791,"href":"https:\/\/zerriniremakbay.com\/index.php?rest_route=\/wp\/v2\/posts\/3787\/revisions\/3791"}],"wp:featuredmedia":[{"embeddable":true,"href":"https:\/\/zerriniremakbay.com\/index.php?rest_route=\/wp\/v2\/media\/3788"}],"wp:attachment":[{"href":"https:\/\/zerriniremakbay.com\/index.php?rest_route=%2Fwp%2Fv2%2Fmedia&parent=3787"}],"wp:term":[{"taxonomy":"category","embeddable":true,"href":"https:\/\/zerriniremakbay.com\/index.php?rest_route=%2Fwp%2Fv2%2Fcategories&post=3787"},{"taxonomy":"post_tag","embeddable":true,"href":"https:\/\/zerriniremakbay.com\/index.php?rest_route=%2Fwp%2Fv2%2Ftags&post=3787"}],"curies":[{"name":"wp","href":"https:\/\/api.w.org\/{rel}","templated":true}]}}