{"id":3610,"date":"2024-06-01T01:26:00","date_gmt":"2024-06-01T01:26:00","guid":{"rendered":"https:\/\/zerriniremakbay.com\/?p=3610"},"modified":"2026-02-02T01:38:23","modified_gmt":"2026-02-02T01:38:23","slug":"3610","status":"publish","type":"post","link":"https:\/\/zerriniremakbay.com\/?p=3610","title":{"rendered":"Odakta: Soprano Ekin Naz Kaptan"},"content":{"rendered":"\n<p id=\"ergvr443\"><strong>\u00d6ncelikle sizi tan\u0131mak isteriz. Ekin Naz Kaptan kimdir?<\/strong><br>Ekin Naz Kaptan \u00e7ocuklu\u011fundan beri m\u00fczi\u011fin b\u00fcy\u00fcl\u00fc d\u00fcnyas\u0131na \u00e7ekilmi\u015f, \u00e7ocuklu\u011fundan beri \u015fark\u0131 s\u00f6ylemenin verdi\u011fi o co\u015fkuyla beraber bu sesin nas\u0131l \u00e7\u0131kt\u0131\u011f\u0131n\u0131 kafaya takm\u0131\u015f g\u00f6nl\u00fcn\u00fc buna vermeye adam\u0131\u015f biri.\u00a0<br>\u0130lk ba\u015flarda sadece sesleri taklit etmeyle ba\u015flam\u0131\u015ft\u0131, fakat daha sonra bu daha 2 ya\u015f\u0131mdayken bile annemlerin anneannemlerin, beni b\u00fcy\u00fcten ki\u015filerin hep g\u00f6zlemleyip \u201cevet yani bu hakikaten s\u0131radan bir \u015fark\u0131 s\u00f6yleme de\u011fil, \u00e7ok iyi s\u00f6yl\u00fcyor ya\u015f\u0131na g\u00f6re\u201d dedikleri bir \u015fey. \u0130lk ailemden al\u0131nan bir cesaretle onlar\u0131n bu g\u00fczel s\u00f6zlerinden, daha sonra i\u015fte bu operatik \u015fark\u0131 s\u00f6ylemeler nas\u0131l s\u00f6yl\u00fcyorlar bunu diye o kafa yormalar ve ondan sonra yine o taklitle beraber kendimde de\u011fi\u015fik yerleri fark etmek hissetmek. Derken, okul hayat\u0131 ortaokulda ingilizcenin hayat\u0131ma girmesi daha sonra tabii yabanc\u0131 dilin a\u00e7t\u0131\u011f\u0131 kap\u0131larla beraber \u00e7ocuklu\u011fumdan beri dinledi\u011fim o yabanc\u0131 filmlerdeki \u015fark\u0131lar \u2018My Heart Will Go On\u2019 ilk benim solo yapt\u0131\u011f\u0131m par\u00e7ayd\u0131. Ama bu arada yine ben ortaokuldayken Emma Shapplin\u2019in \u2018Spente Le Stelle\u2019 par\u00e7as\u0131 \u00e7\u0131km\u0131\u015ft\u0131 o d\u00f6nem. M\u00fcthi\u015f! Benim i\u00e7in nas\u0131l s\u00f6yleyeyim\u2026 \u015e\u00f6yle; Hayat\u0131m\u0131n sanki \u00f6zeti olan bir par\u00e7a oldu\u011funu ancak ifade edebiliyorum. \u00c7\u00fcnk\u00fc o zaman i\u00e7inde o d\u00f6nemde ileri d\u00f6n\u00fck tekrar geri bakt\u0131\u011f\u0131mda sanki ta ileriden geriye d\u00f6n\u00fcp bakarken bile onun benim hayat\u0131m\u0131n en iyi par\u00e7as\u0131 oldu\u011funu, sanki benim hayat\u0131m\u0131 \u00f6zetleyen en iyi par\u00e7a oldu\u011funu hissetmi\u015ftim. Ve hala ayn\u0131 duygulara sahibim.<\/p>\n\n\n\n<p id=\"e8mdx447\">Ya\u015fad\u0131klar\u0131m nedeniyle Emma Shapplin\u2019in s\u00f6yledi\u011fi zamandan daha fazla \u2018Spente Le Stelle\u2019 benim hayat\u0131ma anlam katt\u0131. \u00c7\u00fcnk\u00fc b\u00fct\u00fcn m\u00fczikal okuldaki, okul d\u0131\u015f\u0131nda yap\u0131lan de\u011fi\u015fik etkinliklerde, k\u00fclt\u00fcrel sanatsal etkinliklerinde bir \u015fekilde durum beni \u2018Spente Le Stelle\u2019ye y\u00f6neltti. Benim b\u00f6ylece operatik \u015fark\u0131 s\u00f6yleme deneyimim de onunla ba\u015flad\u0131. Ho\u015f bir opera aryas\u0131 de\u011fil ama nas\u0131l kullanmam gerekti\u011fini bana ilk o par\u00e7a \u00f6\u011fretti.&nbsp;<\/p>\n\n\n\n<p id=\"6cs2g449\">Dolay\u0131s\u0131yla ondan sonra m\u00fczik hep hayat\u0131mda daha fazla olmaya ba\u015flad\u0131 ama farkl\u0131 birtak\u0131m \u015feyleri daha \u00f6nceden gelen dans, yine m\u00fczi\u011fin kendisi ba\u015fka birtak\u0131m \u015feyler beni i\u00e7erde hep sorgulamam\u0131 sa\u011fl\u0131yordu. Fakat bununla beraber bir de ger\u00e7ek hayat var. Fen lisesinden sonra bilgisayar m\u00fchendisli\u011fi kazand\u0131m. Bilgisayar m\u00fchendisli\u011fine ba\u015flam\u0131\u015ft\u0131m ki i\u015fte bu arada bir etkinlikte, yarat\u0131c\u0131 \u00e7ocuklar derne\u011finin bir etkinli\u011finde Didem \u00c7apa ve Demet Sabanc\u0131\u2019n\u0131n bana verdi\u011fi bir bursla beraber ben yurt d\u0131\u015f\u0131nda m\u00fczik e\u011fitimi alma f\u0131rsat\u0131n\u0131 yakalad\u0131m. Dolay\u0131s\u0131yla bilgisayar m\u00fchendisli\u011fi diplomam\u0131 ald\u0131ktan sonra yurt d\u0131\u015f\u0131na gittim. 1 sene music foundation olarak \u0130ngiltere\u2019de Cambridge\u2019de e\u011fitim g\u00f6rd\u00fcm. Ondan sonra da 4 senelik konservatuar e\u011fitimi \u015fan opera alan\u0131nda yine bir lisans olarak tamamlad\u0131m. Sonra T\u00fcrkiye\u2019ye geldim, opera se\u00e7melerine kat\u0131ld\u0131m bu s\u0131rada Siemens opera yar\u0131\u015fmas, Belvedere Uluslararas\u0131 opera yar\u0131\u015fmas\u0131 gibi bu t\u00fcr \u015feylerde bulundum. Bunlardan baz\u0131lar\u0131nda \u00f6d\u00fcller kazand\u0131m ve tekrar T\u00fcrkiye\u2019ye geldim. Bu arada hayat\u0131mda sesin bu sefer mutfak k\u0131sm\u0131na ge\u00e7ti\u011fim bir s\u00fcre oldu. Prof Dr. \u0130smail Ko\u00e7ak ile birlikte \u00e7al\u0131\u015ft\u0131m. Ameliyatlar dahil olmak \u00fczere \u00e7ok de\u011fi\u015fik alanlar\u0131n\u0131 g\u00f6zlemleme f\u0131rsat\u0131m oldu, sesle ilgili ve ses e\u011fitiminin nas\u0131l yap\u0131ld\u0131\u011f\u0131na dair. Dolay\u0131s\u0131yla ondan sonra ses ko\u00e7lu\u011fu hayat\u0131ma girdi. Sanat\u00e7\u0131larla \u00e7al\u0131\u015ft\u0131m hala \u00e7al\u0131\u015fmaktay\u0131m. Sesini daha iyi kullanmak isteyen ki\u015filer bazen de k\u00fc\u00e7\u00fck bir tak\u0131m ses ile ilgili s\u0131k\u0131nt\u0131 ya\u015fayan ki\u015filere do\u011fru beden nefes ve ses kullan\u0131m\u0131n\u0131 g\u00f6steriyorum, onlara rehberlik yap\u0131yorum ayn\u0131 zamanda kendimle de \u00e7al\u0131\u015f\u0131yorum.<\/p>\n\n\n\n<p id=\"no873451\"><em>\u0130\u015fte Ekin Naz Kaptan, sesi hem mutfakta hem sahnede deneyimlemi\u015f ve bundan b\u00fcy\u00fck keyif alan bir ki\u015fi, bir Soprano.\u00a0<\/em><\/p>\n\n\n\n<p id=\"cqek4456\"><strong>M\u00fczik kariyerinize nas\u0131l ba\u015flad\u0131n\u0131z? \u0130lk ne zaman sahne ald\u0131n\u0131z?<\/strong><br>Bahsetti\u011fim gibi m\u00fczik kariyerime ortaokuldayken, orta 2\u2019de ba\u015flad\u0131m. E\u011fer o zaman i\u00e7in kariyer diyebiliyorsak \ud83d\ude42 Titanic \u00e7ok me\u015fhur olmu\u015ftu ama ben filmden daha \u00e7ok m\u00fczi\u011finden etkilenmi\u015ftim ve dolay\u0131s\u0131yla okulumuzun \u00e7ok sesli korosunun \u015fefine gitmi\u015ftim, ayn\u0131 zamanda m\u00fczik hocamd\u0131.<br>\u201dBen bu \u015fark\u0131y\u0131 s\u00f6ylemek istiyorum\u201d demi\u015ftim, hocam \u201cama i\u015fte sesin daha oturmad\u0131 birazc\u0131k beklemen laz\u0131m\u201d cevab\u0131n\u0131 verse de ben hep hat\u0131rlatt\u0131m ve sonunda tamam dedi. Yine orta 2\u2019deyken bir m\u00fczik ak\u015fam\u0131n\u0131n sonunda ilk defa s\u00f6yledim. Benim i\u00e7in \u00e7ok g\u00fczel bir deneyimdi. \u00c7ok da be\u011feni ald\u0131\u011f\u0131n\u0131 hat\u0131rl\u0131yorum, g\u00fczel an\u0131lar\u0131mdan bir tanesidir.\u00a0<\/p>\n\n\n\n<p id=\"7olfi463\"><strong>M\u00fczikle olan ili\u015fkinizi nas\u0131l tan\u0131mlars\u0131n\u0131z?<\/strong><br>M\u00fczik benim i\u00e7in, \u00fcniversitede bilgisayar m\u00fchendisli\u011fi okuyana kadar bir hayat amac\u0131yd\u0131 ve m\u00fczi\u011fin, hayat\u0131mda zorland\u0131\u011f\u0131m bir\u00e7ok \u015feyle ba\u015fa \u00e7\u0131kmamdaki en g\u00fc\u00e7 verici dayanak oldu\u011funu g\u00f6zlemledim. Bu arada m\u00fczikle beraber duygular\u0131m\u0131 ne kadar yo\u011fun ya\u015fad\u0131\u011f\u0131m, bunlar\u0131n m\u00fczikle ifade edilmesi gibi \u015feyler \u00e7ok b\u00fcy\u00fck destekti. Ama bununla birlikte fen lisesi, fen lisesinden sonra bilgisayar m\u00fchendisli\u011fi hayat zaman i\u00e7erisinde biraz daha rasyonel biraz daha matematiksel bir yere evrildi. Ki bundan da \u00e7ok mutluyum.\u00a0<br>Bazen baz\u0131 \u015feylerde benim i\u00e7in duygulara ula\u015fmak, daha \u00f6ncelikli de\u011fil daha dolayl\u0131 bir hale d\u00f6n\u00fc\u015ft\u00fc, zaman i\u00e7erisinde bunu \u00e7ok net g\u00f6zlemledim \u00f6zellikle de geriye d\u00f6n\u00fcp bakt\u0131\u011f\u0131mda. Ve hatta hayat\u0131ma tekrar m\u00fczik girmeye ba\u015flad\u0131\u011f\u0131nda, yani daha do\u011frusu bilgisayar m\u00fchendisli\u011finden ve art\u0131k m\u00fczik bursumu da ald\u0131ktan sonra \u201cevet ben haz\u0131r\u0131m!\u201d dedi\u011fim anda esas\u0131nda hem aradan \u00e7ok zaman ge\u00e7ti\u011fi, m\u00fczikten daha geri durdu\u011fum i\u00e7in bazen cesaretimde b\u00f6yle dalgalanmalar oldu\u011funu g\u00f6zlemledim hem de ayn\u0131 zamanda o duygusal yerlerin daha eri\u015filmekte zorland\u0131\u011f\u0131n\u0131 g\u00f6rmek bazen benim i\u015fimi daha zorla\u015ft\u0131rd\u0131. \u00c7\u00fcnk\u00fc daha uzun ara\u015ft\u0131rmalar yapmak zorunda kald\u0131m ayn\u0131 zamanda m\u00fczi\u011fin bendeki \u00f6nemini \u00e7ok daha net ke\u015ffedebildim. \u015eunu \u00e7ok net s\u00f6yleyebilirim ki hayat benim i\u00e7in m\u00fczik ama ayn\u0131 zamanda m\u00fczik de hayat\u0131m\u0131n vazge\u00e7ilmez bir par\u00e7as\u0131 ve bu benim i\u00e7in dinledi\u011fim m\u00fcziklerin yan\u0131nda kendi sahnemde s\u00f6yledi\u011fim, yaz\u0131lan bestelerin ve ayn\u0131 zamanda belki konu\u015fman\u0131n bile esas\u0131nda bir m\u00fczi\u011fe dayand\u0131\u011f\u0131 ve duygu ve d\u00fc\u015f\u00fcncelerin birlikte ama bir o kadar da b\u00fcy\u00fck bir uyum i\u00e7inde olmas\u0131. Ve o belki \u015f\u00f6yle diyebiliriz; o ilahi ger\u00e7eklik, varl\u0131k, b\u00fct\u00fcnl\u00fck, ara\u015ft\u0131rd\u0131\u011f\u0131m ve bunu ama\u00e7lad\u0131\u011f\u0131m bir \u015fey m\u00fczik benim i\u00e7in.\u00a0<\/p>\n\n\n\n<figure class=\"wp-block-image size-large is-resized\"><img loading=\"lazy\" decoding=\"async\" width=\"682\" height=\"1024\" src=\"https:\/\/zerriniremakbay.com\/wp-content\/uploads\/2026\/02\/Ekin-Naz-Kaptan-Burcu-Arpacioglu-682x1024.jpeg\" alt=\"\" class=\"wp-image-3611\" style=\"width:538px;height:auto\" srcset=\"https:\/\/zerriniremakbay.com\/wp-content\/uploads\/2026\/02\/Ekin-Naz-Kaptan-Burcu-Arpacioglu-682x1024.jpeg 682w, https:\/\/zerriniremakbay.com\/wp-content\/uploads\/2026\/02\/Ekin-Naz-Kaptan-Burcu-Arpacioglu-200x300.jpeg 200w, https:\/\/zerriniremakbay.com\/wp-content\/uploads\/2026\/02\/Ekin-Naz-Kaptan-Burcu-Arpacioglu-768x1153.jpeg 768w, https:\/\/zerriniremakbay.com\/wp-content\/uploads\/2026\/02\/Ekin-Naz-Kaptan-Burcu-Arpacioglu-1023x1536.jpeg 1023w, https:\/\/zerriniremakbay.com\/wp-content\/uploads\/2026\/02\/Ekin-Naz-Kaptan-Burcu-Arpacioglu.jpeg 1066w\" sizes=\"auto, (max-width: 682px) 100vw, 682px\" \/><\/figure>\n\n\n\n<blockquote class=\"wp-block-quote is-layout-flow wp-block-quote-is-layout-flow\">\n<p class=\"has-small-font-size\" id=\"6hbcd469\"><em>Ekin Naz Kaptan\u00a0<a href=\"https:\/\/www.instagram.com\/ekinnazkaptan\/\" target=\"_blank\" rel=\"noreferrer noopener\"><u>@ekinnazkaptan<\/u><\/a>\u00a0&amp; Burcu Arpac\u0131o\u011flu\u00a0<a href=\"https:\/\/www.instagram.com\/burcuspiyanos\/\" target=\"_blank\" rel=\"noreferrer noopener\"><u>@burcuspiyanos<\/u><\/a><\/em><\/p>\n<\/blockquote>\n\n\n\n<blockquote class=\"wp-block-quote is-layout-flow wp-block-quote-is-layout-flow\">\n<p class=\"has-small-font-size\" id=\"djww28568\"><em>Opera Latte\u00a0<a href=\"https:\/\/www.instagram.com\/opera_latte\/\" target=\"_blank\" rel=\"noreferrer noopener\"><u>@opera_latte<\/u><\/a><\/em><\/p>\n<\/blockquote>\n\n\n\n<p id=\"h67rx472\"><strong>Piyanoda Burcu Arpac\u0131o\u011flu ile \u201cOpera Latte\u201d ad\u0131nda konserler ger\u00e7ekle\u015ftiriyorsunuz. Yak\u0131n zamanda ben de bu harika atmosferde bir dinleyiciniz olarak b\u00fcy\u00fclendim. Bu muhte\u015fem yolculuk nas\u0131l ba\u015flad\u0131? Biraz sizden dinleyebilir miyiz.<\/strong>\u00a0<br>Opera Latte ile ilgili olan yolculu\u011fumuz 2018 y\u0131l\u0131nda ba\u015flad\u0131. Burcu Arpac\u0131o\u011flu Opera Latte\u2019nin Latte\u2019si benim \u00e7ok sevgili arkada\u015f\u0131m ve piyanist kendisi. 2018\u2019de Burcu hocam diye gitmi\u015ftim yan\u0131na hatta benim ilk piyano \u00f6\u011fretmenimdir. Bana ne zaman Burcu diyeceksin demi\u015fti ama ondan sonra da ben sorumu sormu\u015ftum; \u2018Ben \u015f\u00f6yle \u015fark\u0131lar s\u00f6ylemek istiyorum acaba bunu birlikte yapabilir miyiz sizin ilginizi \u00e7eker mi? Birlikte bir \u00e7al\u0131\u015fma yapsak\u2019 diye. \u2018\u00c7ok severim ben o par\u00e7alar\u0131 neden olmas\u0131n\u2019 diyerek teklifimi kabul etti.\u00a0<br>1 g\u00fcnde \u00e7ok h\u0131zl\u0131 bir \u015fekilde, \u00e7ok b\u00fcy\u00fck bir heyecanla gidilip daha da b\u00fcy\u00fck bir heyecan ile d\u00f6n\u00fclen bir kahve randevusu oldu. Sonras\u0131nda \u00e7al\u0131\u015fmalara ba\u015flad\u0131k. Repertuar\u0131n sadece klasikten ibaret olmad\u0131\u011f\u0131 ve bizi besleyen farkl\u0131 de\u011fi\u015fik m\u00fczik t\u00fcrlerinin oldu\u011funu g\u00f6rd\u00fck. Latin standartlar\u0131ndan, jazz standartlara film m\u00fczikleri, m\u00fczikaller operetler, opera aryalar\u0131, leadler gibi bir\u00e7ok de\u011fi\u015fik alanda m\u00fczik t\u00fcr\u00fc bizim ilgimizi \u00e7ekti. Konserlerimize haz\u0131rlan\u0131rken oradan buradan derken acaba biraz da \u015f\u00f6ylemi yapsak diyerek belki de en az repertuarla en \u00e7ok kafa patlatt\u0131\u011f\u0131m\u0131z d\u00f6nemlerdi. Arkas\u0131ndan maalesef pandemi \u00e7\u0131kt\u0131. Ve ben o d\u00f6nem \u0130stanbul\u2019da de\u011fildim. Online olarak \u00e7al\u0131\u015fmalar\u0131m\u0131za devam ettik k\u00fc\u00e7\u00fck k\u00fc\u00e7\u00fck kolajlar yapt\u0131k sayfam\u0131zda. Ama tabii bunlar bizi mutlu etmedi. Performans\u0131n verdi\u011fi huzur, mutluluk, i\u00e7 rahatl\u0131\u011f\u0131 maalesef bu tarafta olamad\u0131. Ben \u0130stanbul\u2019a geldi\u011fimde h\u0131zl\u0131 bir \u015fekilde yola \u00e7\u0131kt\u0131k. Bu alanda mekan bulmak zor olabiliyor. Asl\u0131nda All Saint Kilisesi\u2019nde yapmam\u0131z\u0131n nedenlerinden de bir tanesiydi. Neden orada yapt\u0131\u011f\u0131m\u0131za dair sorular da geldi oras\u0131 bir kilise nas\u0131l m\u00fczik yap\u0131l\u0131yor? gibi. Onlar\u0131n da kap\u0131lar\u0131n\u0131 a\u00e7mas\u0131yla beraber kendi yolumuzda y\u00fcr\u00fcrken hem seyircilere art\u0131k ula\u015fmaya ba\u015flad\u0131k, hem kendimizi tan\u0131tt\u0131k hem de i\u00e7imizde yan\u0131p tutu\u015fan m\u00fczik yapmal\u0131y\u0131z, sevdi\u011fimiz m\u00fczi\u011fi yapmal\u0131y\u0131z \u015feyi art\u0131k bir yap\u0131labilir bir hale d\u00f6k\u00fclmeye ba\u015flad\u0131. Ve bununla beraber zaman i\u00e7erisinde baz\u0131 \u015feyler hem kar\u015f\u0131m\u0131za \u00e7\u0131kt\u0131 hem de biz ger\u00e7ekle\u015ftirmeye ba\u015flad\u0131k. Moda Deniz Kul\u00fcb\u00fc\u2019nde sahne almak gibi, Strada Suadiye\u2019de d\u00fczenli olarak sahne almaya ba\u015flad\u0131k. Yeni sezon i\u00e7in ba\u015fka birtak\u0131m g\u00f6r\u00fc\u015fmelerimiz devam ediyor hem konser hem anla\u015fmalar olarak. Payla\u015faca\u011f\u0131m\u0131z g\u00fczel haberlerimiz olacak.<\/p>\n\n\n\n<p id=\"dziat480\"><strong>Opera e\u011fitiminizdeki en \u00f6nemli an hangisiydi? Bu s\u00fcre\u00e7ten biraz bahseder misiniz?<\/strong><br>Opera e\u011fitimimdeki en \u00f6nemli an\u2026 \u00c7ok te\u015fekk\u00fcr ederim benim i\u00e7in \u00e7ok g\u00fczel bir soru \u00e7\u00fcnk\u00fc genelde pek duymad\u0131\u011f\u0131m ama asl\u0131nda benim i\u00e7in \u00e7ok her \u015feyi \u00e7ok netle\u015ftiren bir soru. \u00c7\u00fcnk\u00fc \u015f\u00f6yle; kula\u011f\u0131m benim hep kendime, ba\u015fkalar\u0131na ve opera sanat\u00e7\u0131lar\u0131na da d\u00f6n\u00fck. Bazen bir yerde bir \u015fey duydu\u011fumda, mesela bir ki\u015fide ya da bazen o ki\u015finin sesinde duyup ba\u015fka ki\u015filerde duymad\u0131\u011f\u0131m de\u011fi\u015fik bir \u015fey vard\u0131 ve onun ne oldu\u011funu anlamland\u0131rmak \u00e7ok sonra hayat\u0131mda ger\u00e7ek oldu. \u00c7ok sonra bana bu bilgi geldi. \u0130\u015fte o bilgi de esas\u0131nda \u201cbedende ne kadar gerginlik varsa bu o kadar sese yans\u0131r\u201d. Ve ben konservatuvar okuyorken v\u00fccudumun \u00fcst k\u0131sm\u0131 \u00e7ok gergindi ve nefesleri her ne kadar rahat al\u0131yor olsam da bunu bedenimin de rahat etti\u011fi bir \u015fekilde alabilecek olabilmem \u00f6nemlii. Dolay\u0131s\u0131yla bu veriye bakt\u0131\u011f\u0131mda benim hayat\u0131mda o d\u00f6nem \u0130ngiltere\u2019de okudu\u011fum konservatuardaki Alexander teknik e\u011fitimi her \u015feyi de\u011fi\u015ftirdi. \u00c7\u00fcnk\u00fc duydu\u011fum ve o beni \u00e7ok sesin cezbeden yerinin esas\u0131nda ne kadar b\u00fcy\u00fck bir potansiyele sahip oldu\u011fu. \u00c7\u00fcnk\u00fc bu benim \u015fu anda da kendimde de ba\u015fkalar\u0131nda da \u00e7al\u0131\u015ft\u0131\u011f\u0131m \u015fey. Ses estetik olarak belki muhte\u015fem bir yere g\u00f6t\u00fcrebiliyor bizi ama bununla beraber o esteti\u011fin i\u00e7indeki zorlanmadan ve bedeni s\u0131k\u0131\u015ft\u0131rmadan \u00e7\u0131kar\u0131lan, yarat\u0131lan o sesin verdi\u011fi o potansiyel nereye gidebilece\u011fine dair a\u00e7\u0131k olan potansiyel inan\u0131lmaz b\u00fcy\u00fck bir hu\u015fu, co\u015fku ve mutluluk veren bir yerdi dolay\u0131s\u0131yla benim i\u00e7in en d\u00f6n\u00fc\u015ft\u00fcr\u00fcc\u00fc olan o noktayd\u0131. Esas\u0131nda ba\u015fka sesle ilgili planlar\u0131 yapman\u0131n \u00e7ok daha \u00f6tesinde bir yere sahipti, \u00e7\u00fcnk\u00fc sesin \u00f6zg\u00fcrle\u015fmesi demek bedenin \u00f6zg\u00fcrle\u015fmesi demek yapabilece\u011fim \u015feyleri stresle veya eyvah ben bunu nas\u0131l yapaca\u011f\u0131m? saatlerce \u00e7al\u0131\u015f\u0131p da hani hala onda zorlanmak veya belki hala bedenimde baz\u0131 gerginlikleri hissetmek yerine \u00f6nce bedenimi rahatlat\u0131p esas\u0131nda bunun \u00fczerine gitmek benim i\u00e7in \u00e7ok d\u00f6n\u00fc\u015ft\u00fcr\u00fcc\u00fc bir deneyim oldu.<\/p>\n\n\n\n<p id=\"cuflr485\"><strong>Performans \u00f6ncesinde kendinizi nas\u0131l haz\u0131rl\u0131yorsunuz?<\/strong><br>\u00d6ncelikle iyi dinlenmi\u015f olmak istiyorum dolay\u0131s\u0131yla dinlenme \u00e7ok \u00f6nemli. Yeteri kadar su i\u00e7mi\u015f olmak istiyorum son dakika i\u00e7ilen sular i\u015fe yaram\u0131yor \u00e7\u00fcnk\u00fc \ud83d\ude42\u00a0 Bununla beraber nefes \u00e7al\u0131\u015fmas\u0131. Her \u015feyden evvel nefes! Sesten \u00f6te nefes. Ve ayn\u0131 zamanda tabii ki nefesten dolay\u0131 sinir sistemi reg\u00fclasyonunu sa\u011flayabilmek. Ve tabii ki evvelinde sabahtan \u015f\u00f6yle g\u00fczel bir esneme \u00e7al\u0131\u015fmas\u0131, Belki bir yin yoga belki kundalini yoga prati\u011fi bilmiyorum. \u00d6zellikle uyand\u0131rmak bedeni ve oradaki elastikyeti hissedip sese m\u00fcmk\u00fcn olabildi\u011fi kadar yumu\u015fak bir haz\u0131rl\u0131k yap\u0131p onun esneyebilmesi ve kendini en rahat hissedebilmesi i\u00e7in en uygun ortam\u0131 haz\u0131rlamak gibi bir \u00e7al\u0131\u015fmam var. Genelde ses egzersizleri \u00e7ok daha fazla yap\u0131lan bir \u015feydir bu konuda ben daha \u00e7ok daha sese daha k\u0131sa bir s\u00fcreyi b\u0131rakmay\u0131 kendimce uygun g\u00f6r\u00fcyorum ama tabi bu zaman zaman de\u011fi\u015febiliyor bazen daha \u00f6nce s\u0131ralar\u0131 gelebiliyor tamamen o g\u00fcn ne hissediyorsam.<\/p>\n\n\n\n<p id=\"tzv7f490\"><strong>Sahnede performans an\u0131ndaki hislerinizi tan\u0131mlan\u0131z\u0131 istesek? Hangi duygular\u0131 ya\u015f\u0131yorsunuz?<\/strong><br>Sahnedeki duygular\u2026 Wow! Sahnedeki duygular benim i\u00e7in \u00e7ok \u00e7ok farkl\u0131 \u00e7ok de\u011fi\u015fik. Mesela \u00e7ocuklu\u011fumda, ortaokuldaki \u00e7ok sesli koromuzda \u00f6\u011fretmenimiz bize \u2018seyirciyi g\u00f6z hapsine al\u0131n\u2019 demi\u015fti ve bunu demesiyle beraber belki o zamana kadar \u00e7ok muhatap olmad\u0131\u011f\u0131m bir yere getirdi beni insanlar\u0131n g\u00f6z\u00fcn\u00fcn i\u00e7ine bakarak \u015fark\u0131 s\u00f6ylemek. Ve ger\u00e7ekten bu benim \u00e7ok ho\u015fuma gitti. Ondan sonra benim i\u00e7in hep beni dinleyen birisi varsa, sahnedeysem e\u011fer hep o ki\u015filere bakarak s\u00f6ylemeye devam ettim. Her zaman \u00e7ok daha b\u00fcy\u00fck salonlar \u00e7ok daha i\u00e7 rahatl\u0131\u011f\u0131 sa\u011flayan yerler oldu benim i\u00e7in. En k\u00fc\u00e7\u00fck b\u00f6yle hani d\u00f6rt be\u015f ki\u015filik dinleyiciler i\u00e7in \u00e7ok daha enteresan bir \u015fekilde \u015fu an \u015fark\u0131 s\u00f6yl\u00fcyorum dedi\u011fim bir deneyim ya\u015fatt\u0131 bana. Eskiden \u00e7ocukken sonsuz kere \u015fark\u0131 s\u00f6yleyip her \u015feyini oturtmak varken daha sonra \u015fan ve opera e\u011fitimi ald\u0131ktan sonra neye nas\u0131l yakla\u015ft\u0131\u011f\u0131m\u0131 fark ettik\u00e7e bunlar\u0131 b\u00f6yle bir katman katman incelemek ba\u015flad\u0131. E\u011fer bir arya ise \u00f6nce karakteri iyice analiz etmek, metni texti iyice analiz etmek ondan sonra m\u00fczi\u011fi \u00f6\u011frenmek ritmi, n\u00fcanslar\u0131 gibi dolay\u0131s\u0131yla onun verdi\u011fi duygu ya da \u015fark\u0131 s\u00f6ylerken buradan gelerek getiren duygu oradaki eyvah! bu sefer olacak m\u0131? ge\u00e7en seferki kadar iyi olacak m\u0131? sorusunu \u00e7ok daha farkl\u0131 bir yere g\u00f6t\u00fcrd\u00fc. \u00c7\u00fcnk\u00fc zaten ne yapmam gerekti\u011fini esas\u0131nda anlam\u0131\u015ft\u0131m ama bununla beraber \u015fu anda hep sorulan soru heyecan var m\u0131? heyecan her daim var bence ama heyecan\u0131n bedeni s\u0131k\u0131\u015ft\u0131racak olan b\u00f6yle hani insanda anksiyete hissettiren bir heyecan de\u011fil de daha \u00e7ok bu sefer ne g\u00fczel \u015feyler olacak bakal\u0131m gibi bir ara\u015ft\u0131rd\u0131\u011f\u0131m heyecan oluyor. Ama tabii bununla beraber sahnedeyken \u00f6zellikle gelen ve tan\u0131d\u0131\u011f\u0131n\u0131z ki\u015filerin veya yepyeni bir seyircinin, hi\u00e7\u00a0 g\u00f6rmedi\u011finiz hi\u00e7 tan\u0131mam\u0131\u015f olan seyircilerin gelip sizi dinlerkenki co\u015fkusunu alk\u0131\u015flarda duymak ya da biz opera latte olarak birazc\u0131k daha interaktif yapmay\u0131 \u00e7ok arzu ediyoruz, bizim ho\u015fumuza gidiyor. Oradaki o kar\u015f\u0131l\u0131kl\u0131 ileti\u015fim bazen \u00e7ok sessiz olabiliyor seyirci ve hani o daha eyvah acaba birlikte miyiz? acaba be\u011feniyorlar m\u0131? gibi sorgulamalar s\u0131ras\u0131nda olmaktan ondan sonraki muhte\u015fem bir alk\u0131\u015fla beraber demekki ne kadar konsantre \u015fekilde dinliyorlarm\u0131\u015fa kadar geni\u015f bir yelpazede de\u011fi\u015fik bir deneyim oluyor esas\u0131nda duygular.\u00a0<\/p>\n\n\n\n<p id=\"kv0qi495\"><strong>Opera d\u0131\u015f\u0131nda farkl\u0131 m\u00fczik t\u00fcrlerini denediniz mi?<\/strong><br>Esas\u0131nda evet bu sorunuza cevap vermi\u015f oldum ama \u00e7ok k\u0131sa bahsedeyim. Opera Latte olarak Burcu ve ben bize ilham veren bizi besleyen m\u00fczikler dolay\u0131s\u0131yla o m\u00fczik t\u00fcrleri; Jazz, film m\u00fczikleri tabii ki klasikler, latin standartlar daha ba\u015fka\u2026 Tangolar \u00f6zellikle bu yabanc\u0131 tangolarda \u015fu an kayd\u0131 bile bulunmayan T\u00fcrk Tangolar dahil olmak \u00fczere \u00e7ok de\u011fi\u015fik repertuvarlar \u00e7ok de\u011fi\u015fik t\u00fcrlerden besleniyoruz. Tabii ki pop\u00fcler par\u00e7alar da oluyor yani \u00e7\u00fcnk\u00fc sonu\u00e7ta bakt\u0131\u011f\u0131m\u0131zda i\u015fte film m\u00fczikleri dedi\u011fimizde ki en son konserimizde film m\u00fczikleri konseriydi My Heart Will Go On, Stand By Me vard\u0131 mesela. Dolay\u0131s\u0131yla pop\u00fcler k\u00fclt\u00fcre de girmi\u015f oluyoruz. Ayn\u0131 zamanda \u015funu da s\u00f6ylemek isterim tango dedikten sonra bu tangolar\u0131 da \u00f6zellikle antikac\u0131lar pazarlar\u0131 var oralara gidip baka baka bulmaya ba\u015fl\u0131yoruz. \u00c7ok de\u011fi\u015fik bir \u015fey oldu bu. Ve onunla beraber gelen bir\u00e7ok bilgi onunla beraber a\u00e7\u0131lan o tarihin eski sayfalar\u0131nda kalm\u0131\u015f o bilgiler, an\u0131lar bir \u015feylerden esinlenerek yaz\u0131lan eserler daha Osmanl\u0131 d\u00f6neminden esas\u0131nda ne kadar \u00e7ok geni\u015f bir k\u00fclt\u00fcr yelpazesinin i\u00e7inde oldu\u011fumuzu g\u00f6rmek. \u00c7\u00fcnk\u00fc T\u00fcrk bestekarlar var, Ermeni bestekarlar var Rumlar var Yahudiler var ve bu k\u00fclt\u00fcrel mozai\u011fin i\u00e7inde olmak ve onlar\u0131 bulup tekrar seslendirebilmek bizim i\u00e7in \u00f6zel ve bizi \u00e7ok mutlu eden bir tecr\u00fcbe.<\/p>\n\n\n\n<p id=\"k6y17501\"><strong>\u0130lerideki kariyerinizde hangi hedeflere odaklan\u0131yorsunuz?<\/strong><br>\u015eu an zaten Opera Latte olarak yol al\u0131yoruz. Ama hep i\u00e7imde olan \u015fey tabii ki elbette opera ile ilgili hala i\u00e7imde bir aray\u0131\u015f halindeyim. Bununla beraber konservatuarda \u00e7ok sevdi\u011fim bir hocam vard\u0131. Drama hocam demi\u015fti ki \u201cl\u00fctfen illa opera \u015fan okudum diye sadece opera sanat\u00e7\u0131s\u0131 olacaks\u0131n\u0131z b\u00f6yle d\u00fc\u015f\u00fcnmeyin \u00e7\u00fcnk\u00fc b\u00f6yle bir d\u00fcnya yok sizin kendi g\u00fcc\u00fcn\u00fcz olacak y\u00f6nlerinizi kullanabilece\u011finiz belki de \u00e7ok farkl\u0131 hedefler olabilir \u00e7ok farkl\u0131 kariyerler olabilir l\u00fctfen buray\u0131 iyi dinleyin ve bunu en iyi \u015fekilde kullanmaya \u00e7al\u0131\u015f\u0131n \u00f6n\u00fcn\u00fcze \u00e7\u0131kan f\u0131rsatlar\u0131 en iyi \u015fekilde de\u011ferlendirin\u201d demi\u015fti \u015fu an \u00f6yle bir yerdeyiz ki hikaye anlat\u0131c\u0131l\u0131\u011f\u0131 ki beni \u00e7ok besleyen bir \u015fey hikaye anlat\u0131c\u0131l\u0131\u011f\u0131, performans sanat\u00e7\u0131l\u0131\u011f\u0131 ve bununla beraber i\u015fte bunu bir mizansene oturtmak bunu sanki bir kabare gibi esas\u0131nda sahnelemek var. Tabii bu nereye evrilir nas\u0131l olur b\u00f6yle bir \u015fey olur mu ger\u00e7ekle\u015fir mi ya da nereye gider bu fikir \u015fu an i\u00e7in sadece zihnimizde olu\u015fan bir imaj bir imge var oraya do\u011fru gidiyoruz ama tabii ki nereden \u00e7\u0131kar\u0131z onu ancak zaman g\u00f6sterecek.<\/p>\n\n\n\n<p id=\"e83ki508\"><strong>Eklemek istedikleriniz,<\/strong><br>\u00c7ok te\u015fekk\u00fcr ederiz bu g\u00fczel derginizde bize de yer ay\u0131rd\u0131\u011f\u0131n\u0131z i\u00e7in. Sizinle birlikte olmak bizim i\u00e7in b\u00fcy\u00fck bir mutluluk ve bir \u015feref. Umuyoruz daha \u00e7ok g\u00fczel haberlerimizi duyurabiliriz. \u00c7ok te\u015fekk\u00fcrler kendinize iyi bak\u0131n sevgiler\u2026<\/p>\n\n\n\n<blockquote class=\"wp-block-quote is-layout-flow wp-block-quote-is-layout-flow\">\n<p class=\"has-small-font-size\" id=\"penpc25887\"><strong><em>Soprano\u00a0<\/em><\/strong><br><em><strong>Ekin Naz KAPTAN<\/strong>\u00a0<a href=\"https:\/\/www.instagram.com\/ekinnazkaptan\/\" target=\"_blank\" rel=\"noreferrer noopener\"><u>@ekinnazkaptan<\/u><\/a><\/em><\/p>\n<\/blockquote>\n\n\n\n<blockquote class=\"wp-block-quote is-layout-flow wp-block-quote-is-layout-flow\">\n<p class=\"has-small-font-size\"><em>Kapak G\u00f6rseli:\u00a0<\/em><a href=\"https:\/\/www.instagram.com\/ekinnazkaptan\/\" target=\"_blank\" rel=\"noreferrer noopener\"><em><u>@ekinnazkaptan<\/u><\/em><\/a><\/p>\n<\/blockquote>\n\n\n\n<p><\/p>\n","protected":false},"excerpt":{"rendered":"<p>Soprano Ekin Naz Kaptan, operadan jazz ve film m\u00fcziklerine uzanan geni\u015f repertuar\u0131yla dinleyicilerini b\u00fcy\u00fcleyen bir performans sanat\u00e7\u0131s\u0131. E\u011fitimi, sahne haz\u0131rl\u0131klar\u0131 ve m\u00fczikle kurdu\u011fu derin ba\u011fa dair samimi payla\u015f\u0131mlar\u0131n\u0131 bu \u00f6zel s\u00f6yle\u015fide ke\u015ffedin.<\/p>\n","protected":false},"author":2,"featured_media":3612,"comment_status":"open","ping_status":"open","sticky":false,"template":"","format":"standard","meta":{"_uag_custom_page_level_css":"","footnotes":""},"categories":[77],"tags":[234,121,235,233,84,85],"class_list":["post-3610","post","type-post","status-publish","format-standard","has-post-thumbnail","hentry","category-kultur-sanat","tag-ekinnazkaptan","tag-opera","tag-operalatte","tag-soprano","tag-ziaonline","tag-ziaonlinedergi"],"blocksy_meta":[],"uagb_featured_image_src":{"full":["https:\/\/zerriniremakbay.com\/wp-content\/uploads\/2026\/02\/1200x900-12.png",1200,900,false],"thumbnail":["https:\/\/zerriniremakbay.com\/wp-content\/uploads\/2026\/02\/1200x900-12-150x150.png",150,150,true],"medium":["https:\/\/zerriniremakbay.com\/wp-content\/uploads\/2026\/02\/1200x900-12-300x225.png",300,225,true],"medium_large":["https:\/\/zerriniremakbay.com\/wp-content\/uploads\/2026\/02\/1200x900-12-768x576.png",768,576,true],"large":["https:\/\/zerriniremakbay.com\/wp-content\/uploads\/2026\/02\/1200x900-12-1024x768.png",1024,768,true],"1536x1536":["https:\/\/zerriniremakbay.com\/wp-content\/uploads\/2026\/02\/1200x900-12.png",1200,900,false],"2048x2048":["https:\/\/zerriniremakbay.com\/wp-content\/uploads\/2026\/02\/1200x900-12.png",1200,900,false]},"uagb_author_info":{"display_name":"Zerrin \u0130rem AKBAY","author_link":"https:\/\/zerriniremakbay.com\/?author=2"},"uagb_comment_info":0,"uagb_excerpt":"Soprano Ekin Naz Kaptan, operadan jazz ve film m\u00fcziklerine uzanan geni\u015f repertuar\u0131yla dinleyicilerini b\u00fcy\u00fcleyen bir performans sanat\u00e7\u0131s\u0131. E\u011fitimi, sahne haz\u0131rl\u0131klar\u0131 ve m\u00fczikle kurdu\u011fu derin ba\u011fa dair samimi payla\u015f\u0131mlar\u0131n\u0131 bu \u00f6zel s\u00f6yle\u015fide ke\u015ffedin.","_links":{"self":[{"href":"https:\/\/zerriniremakbay.com\/index.php?rest_route=\/wp\/v2\/posts\/3610","targetHints":{"allow":["GET"]}}],"collection":[{"href":"https:\/\/zerriniremakbay.com\/index.php?rest_route=\/wp\/v2\/posts"}],"about":[{"href":"https:\/\/zerriniremakbay.com\/index.php?rest_route=\/wp\/v2\/types\/post"}],"author":[{"embeddable":true,"href":"https:\/\/zerriniremakbay.com\/index.php?rest_route=\/wp\/v2\/users\/2"}],"replies":[{"embeddable":true,"href":"https:\/\/zerriniremakbay.com\/index.php?rest_route=%2Fwp%2Fv2%2Fcomments&post=3610"}],"version-history":[{"count":2,"href":"https:\/\/zerriniremakbay.com\/index.php?rest_route=\/wp\/v2\/posts\/3610\/revisions"}],"predecessor-version":[{"id":3615,"href":"https:\/\/zerriniremakbay.com\/index.php?rest_route=\/wp\/v2\/posts\/3610\/revisions\/3615"}],"wp:featuredmedia":[{"embeddable":true,"href":"https:\/\/zerriniremakbay.com\/index.php?rest_route=\/wp\/v2\/media\/3612"}],"wp:attachment":[{"href":"https:\/\/zerriniremakbay.com\/index.php?rest_route=%2Fwp%2Fv2%2Fmedia&parent=3610"}],"wp:term":[{"taxonomy":"category","embeddable":true,"href":"https:\/\/zerriniremakbay.com\/index.php?rest_route=%2Fwp%2Fv2%2Fcategories&post=3610"},{"taxonomy":"post_tag","embeddable":true,"href":"https:\/\/zerriniremakbay.com\/index.php?rest_route=%2Fwp%2Fv2%2Ftags&post=3610"}],"curies":[{"name":"wp","href":"https:\/\/api.w.org\/{rel}","templated":true}]}}