{"id":3606,"date":"2024-07-01T10:00:00","date_gmt":"2024-07-01T10:00:00","guid":{"rendered":"https:\/\/zerriniremakbay.com\/?p=3606"},"modified":"2026-02-02T01:24:48","modified_gmt":"2026-02-02T01:24:48","slug":"odakta-izev","status":"publish","type":"post","link":"https:\/\/zerriniremakbay.com\/?p=3606","title":{"rendered":"Odakta: \u0130ZEV"},"content":{"rendered":"\n<p id=\"6rxet114\">\u0130ZEV, Zihin farkl\u0131 bireylerin e\u011fitim, sosyal entegrasyon ve ya\u015fam kalitelerini art\u0131rmay\u0131 ama\u00e7layan bir sivil toplum kurulu\u015fudur.\u00a0Vakf\u0131n misyonu, \u00e7al\u0131\u015fmalar\u0131, zorluklar\u0131 ve gelecekteki hedefleri gibi detaylar\u0131 \u0130ZEV Vak\u0131f Ba\u015fkan\u0131 Merve K\u0131l\u0131\u00e7 ve \u0130ZEV Uluslararas\u0131 Gen\u00e7lik Temsilcisi \u0130smail Tan Ayt\u0131s ile konu\u015ftuk.<\/p>\n\n\n\n<p id=\"ms2rt131\"><strong>\u0130ZEV Vakf\u0131 nas\u0131l kuruldu? Hangi misyon do\u011frultusunda \u00e7al\u0131\u015fmalar<\/strong> <strong>y\u00fcr\u00fct\u00fclmektedir?<\/strong><br><strong>Merve K\u0131l\u0131\u00e7:<\/strong>\u00a01989 y\u0131l\u0131nda zihin farkl\u0131 evlat sahibi aileler taraf\u0131ndan kurulan bir sivil toplum kurulu\u015fu \u0130ZEV. \u00c7ocuklar\u0131 i\u00e7in e\u011fitim ve sosyal hizmet olu\u015fturmaya \u00e7al\u0131\u015fan idealist ki\u015filer kurucular\u0131m\u0131z. 1980\u2019li y\u0131llar bu anlamda bir orta\u00e7a\u011f. \u0130ZEV\u2019in hikayesi de bir yol hikayesi asl\u0131nda. Misyonumuz zihin farkl\u0131 bireylerin aileleriyle birlikte e\u015fit ya\u015fam ko\u015fullar\u0131nda e\u015fit yurtta\u015fl\u0131k hakk\u0131yla hayat\u0131n her alan\u0131nda aktif bir \u015fekilde yer alabilmelerini sa\u011flamak.<\/p>\n\n\n\n<p id=\"817ih147\"><strong>Tan Bey, bir\u00e7ok sanat \u00e7al\u0131\u015fmas\u0131nda, tiyatro oyunlar\u0131nda ve daha nice i\u015flerde yer al\u0131yorsunuz. Down sendromlu bireylerin neleri ba\u015faraca\u011f\u0131na<\/strong> <strong>dair \u00f6nemli bir rol modelsiniz. \u0130\u00e7inde bulundu\u011funuz projelerden<\/strong> <strong>bahseder misiniz?<\/strong><\/p>\n\n\n\n<p id=\"lq7r5155\"><strong>Tan Ayt\u0131s:<\/strong>\u00a0\u0130ZEV Vakf\u0131m\u0131z\u0131n t\u00fcm sanat ve fark\u0131ndal\u0131k projelerinde g\u00f6rev al\u0131yorum. Hem T\u00fcrkiye\u2019de hem yurt d\u0131\u015f\u0131nda \u0130ZEV\u2019i ve \u00fclkemizi temsil ettim. Engelli kelimesinin ortadan kalkmas\u0131 i\u00e7in \u00e7al\u0131\u015f\u0131yorum. \u00d6rnek olmak istiyorum.<\/p>\n\n\n\n<p id=\"6a9jr167\"><strong>\u00d6zel gereksinimli bireylerin kar\u015f\u0131la\u015ft\u0131\u011f\u0131 en b\u00fcy\u00fck zorluklar nelerdir? Bu zorluklar\u0131n \u00fcstesinden gelmek i\u00e7in nas\u0131l \u00e7al\u0131\u015fmalar yap\u0131yorsunuz?<\/strong><br><strong>Merve K\u0131l\u0131\u00e7:<\/strong>\u00a0Toplumsal d\u00fczlemde bilgi, fark\u0131ndal\u0131k ve ilgi eksikli\u011fi temel problemlerin kayna\u011f\u0131. Bu eksiklikler de e\u015fitsizlik, ayr\u0131mc\u0131l\u0131k ve hak kay\u0131plar\u0131 yarat\u0131yor. Bu noktada toplumsal fark\u0131ndal\u0131k projeleri y\u00fcr\u00fct\u00fcyor, kamu spotlar\u0131 ve e\u011fitici yay\u0131nlar haz\u0131rl\u0131yoruz. Bununla birlikte asl\u0131nda y\u00fcr\u00fctt\u00fc\u011f\u00fcm\u00fcz her faaliyet bu problemlerin \u00e7\u00f6z\u00fcm\u00fcne katk\u0131 sa\u011fl\u0131yor. 10 y\u0131ll\u0131k odak \u00e7al\u0131\u015fma alan\u0131m\u0131z da \u201ctoplumsal b\u00fct\u00fcnle\u015fme\u201d<\/p>\n\n\n\n<p id=\"fe4g4181\"><strong>Vak\u0131f olarak att\u0131\u011f\u0131n\u0131z t\u00fcm ad\u0131mlar \u00e7ok anlaml\u0131. Pink Floyd grubunun<\/strong> <strong>kurucusu Roger Waters\u2019\u0131n \u201cAnother Brick in The Wall\u201d \u015fark\u0131s\u0131n\u0131n T\u00fcrk\u00e7e<\/strong> <strong>versiyonunun kullanma hakk\u0131n\u0131 \u0130ZEV\u2019e verilmesinden sonra, projenin<\/strong> <strong>devam niteli\u011finde bir de Bee Gees\u2019in kurucusu Barry Gibb arac\u0131l\u0131\u011f\u0131 ile destek ald\u0131n\u0131z ve Stayin\u2019 Alive\u2019\u0131 \u201cYan\u0131mda ol, Benimle ol\u201d olarak<\/strong> <strong>yorumlad\u0131n\u0131z. Unutulmaz projelerinizin detaylar\u0131n\u0131 sizlerden dinlemek \u00e7ok isteriz.<\/strong><br><strong>Merve K\u0131l\u0131\u00e7:<\/strong>\u00a0T\u00fcrkiye\u2019nin zihin ve beden farkl\u0131 bireylerden kurulu ilk aktivist pop grubu. \u015eark\u0131lar\u0131n\u0131 sosyal temalar \u00fczerine fark\u0131ndal\u0131k yaratmak \u00fczere s\u00f6yl\u00fcyorlar. Solistimiz Bu\u011fra \u00e7ok yetenekli, 7 dilde \u015fark\u0131 s\u00f6yl\u00fcyor. Diliyoruz ki zihinlerdeki negatif \u201cengelli\u201d alg\u0131s\u0131 sanat arac\u0131l\u0131\u011f\u0131yla ortadan kalks\u0131n. Herkesin Fark Band\u2019in sesini duymas\u0131n\u0131 istiyoruz. Grup \u00fclkemizi Eurovision\u2019da temsil etmek istiyor. Bu anlamda kamuoyu yaratmaya \u00e7al\u0131\u015f\u0131yoruz. Video klibimizi YouTube \u00fczerinden izleyebilirsiniz.<\/p>\n\n\n\n<p id=\"prxb0320\"><em><strong>Ya\u015fam Hakk\u0131 &#8211; Duvar (Roger Waters &#8211; Pink Floyd &#8211; Another Brick in The Wall)<\/strong> izlemek i\u00e7in\u00a0<a href=\"https:\/\/youtu.be\/3dnzLM_N-2Q?si=lMdWTRwsPYlAeJ8A\" target=\"_blank\" rel=\"noreferrer noopener\"><strong><u>t\u0131klay\u0131n!<\/u><\/strong><\/a><\/em><\/p>\n\n\n\n<p id=\"np7cb427\"><em><strong>Stayin Alive &#8220;Yan\u0131mda ol, Benimle ol&#8221;<\/strong>\u00a0izlemek i\u00e7in<strong>\u00a0<\/strong><a href=\"https:\/\/youtu.be\/EfLq23JpMDk?si=j2jw0TemR9DtbD3f\" target=\"_blank\" rel=\"noreferrer noopener\"><strong><u>t\u0131klay\u0131n!<\/u><\/strong><\/a><\/em><\/p>\n\n\n\n<p id=\"2qvx8212\"><strong>Toplumda \u00f6zel gereksinimli bireylere y\u00f6nelik fark\u0131ndal\u0131k art\u0131rmak ad\u0131na<\/strong> <strong>nas\u0131l \u00e7al\u0131\u015fmalar y\u00fcr\u00fct\u00fcyorsunuz? Devam eden projeleriniz neler?<\/strong><br><strong>Merve K\u0131l\u0131\u00e7:<\/strong>\u00a0M\u00fczik grubumuz bu ama\u00e7la \u015fark\u0131lar s\u00f6yl\u00fcyor, konserler veriyor, sokak eylemleri yap\u0131yor. Sanat sergilerimiz \u00fclkemizi avm.ler arac\u0131l\u0131\u011f\u0131yla geziyor. 2018\u2019den bu yana 10 milyondan fazla ki\u015fiyi bu sergilerde a\u011f\u0131rlad\u0131k. Her y\u0131l 3 e\u011fitici, bilin\u00e7lendirici yay\u0131n haz\u0131rl\u0131yoruz ve web sitemizde a\u00e7\u0131k kaynak olarak yay\u0131nl\u0131yoruz. Her y\u0131l 1 kamu spotu mutlaka haz\u0131rl\u0131yor ve RT\u00dcK onay\u0131yla yay\u0131nl\u0131yoruz. \u00dcniversitelerle i\u015f birli\u011fi olu\u015fturarak hem staj programlar\u0131 y\u00fcr\u00fct\u00fcyor hem de g\u00f6n\u00fcll\u00fcl\u00fck ve zihin farkl\u0131 bireylerle ileti\u015fim konular\u0131nda seminerler veriyoruz. Ekonomik dezavantajl\u0131 ailelerle beslenme, giyim gibi ihtiya\u00e7lar\u0131 noktas\u0131nda dayan\u0131\u015fma i\u00e7indeyiz. Bu hafta Hatay, Kumlu\u2019da 2 \u00f6zel e\u011fitim s\u0131n\u0131f\u0131 in\u015fa ederek, Hatay\u2019a ba\u011f\u0131\u015flad\u0131k. Merkezimizde de Eyl\u00fcl-Haziran aylar\u0131 aras\u0131nda Ba\u011f\u0131ms\u0131z Ya\u015fam ve Sosyalizasyon Program\u0131m\u0131z\u0131 y\u00fcr\u00fct\u00fcyoruz.<\/p>\n\n\n\n<p id=\"evns2240\"><strong>\u201cEdebiyat ve Biz\u201d projenizden biraz bahsedebilir misiniz?<\/strong><br><strong>Merve K\u0131l\u0131\u00e7:<\/strong>\u00a0D\u00fcnya \u00c7ocuk Klasikleri olarak an\u0131lan 3 Silah\u015f\u00f6rler, Pinokyo, K\u0131rm\u0131z\u0131 Ba\u015fl\u0131kl\u0131 K\u0131z\u2019\u0131n i\u00e7inde yer ald\u0131\u011f\u0131 10 eseri ana karakterlerini \u00f6zel gereksinimli ki\u015filer olarak yeniden yorumlad\u0131\u011f\u0131m\u0131z, hikayelere sosyal fark\u0131ndal\u0131k ve toplumsal bilin\u00e7 ad\u0131na yeni aktivist alanlar ekledi\u011fimiz yay\u0131n serimizdir. 10 kitapla birlikte karakterleri i\u00e7eren bir resim sergisi ve ard\u0131ndan \u00e7izgi film \u00fcretilmesi planlanmaktad\u0131r. T\u00fcm hikayelerde engelli alg\u0131s\u0131n\u0131 toplumda do\u011fru yere d\u00f6n\u00fc\u015ft\u00fcrmek ad\u0131na \u00e7evre, do\u011fa, insan haklar\u0131, hayvan haklar\u0131 i\u00e7erikleriyle b\u00fct\u00fcnle\u015ftirilerek yeniden resimlenmi\u015f ve yorumlanm\u0131\u015ft\u0131r. Proje lansman\u0131m\u0131z\u0131 May\u0131s ay\u0131nda ger\u00e7ekle\u015ftirdik. Bas\u0131n\u0131n b\u00fcy\u00fck ilgisiyle kar\u015f\u0131land\u0131. \u0130lk kitab\u0131m\u0131z\u0131n \u00e7\u0131kaca\u011f\u0131 g\u00fcn\u00fc heyecanla bekliyoruz.<\/p>\n\n\n\n<figure class=\"wp-block-image size-large is-resized\"><img loading=\"lazy\" decoding=\"async\" width=\"1024\" height=\"576\" src=\"https:\/\/zerriniremakbay.com\/wp-content\/uploads\/2026\/02\/IZEV-1024x576.jpg\" alt=\"\" class=\"wp-image-3608\" style=\"width:730px;height:auto\" srcset=\"https:\/\/zerriniremakbay.com\/wp-content\/uploads\/2026\/02\/IZEV-1024x576.jpg 1024w, https:\/\/zerriniremakbay.com\/wp-content\/uploads\/2026\/02\/IZEV-300x169.jpg 300w, https:\/\/zerriniremakbay.com\/wp-content\/uploads\/2026\/02\/IZEV-768x432.jpg 768w, https:\/\/zerriniremakbay.com\/wp-content\/uploads\/2026\/02\/IZEV-1536x864.jpg 1536w, https:\/\/zerriniremakbay.com\/wp-content\/uploads\/2026\/02\/IZEV-2048x1152.jpg 2048w\" sizes=\"auto, (max-width: 1024px) 100vw, 1024px\" \/><\/figure>\n\n\n\n<p class=\"has-small-font-size\" id=\"bmm6320793\"><em>Hakan Kural &#8211; \u0130smail Tan Ayt\u0131s &#8211; Merve K\u0131l\u0131\u00e7<\/em><\/p>\n\n\n\n<p id=\"tona8266\"><strong>Vakf\u0131n\u0131z\u0131n gelecekteki hedefleri ve projeleri nelerdir?<\/strong><br><strong>Merve K\u0131l\u0131\u00e7:<\/strong>\u00a0En b\u00fcy\u00fck hedefimiz toplumsal b\u00fct\u00fcnle\u015fmeyi sa\u011flamak ve t\u00fcm \u00e7ocuklar\u0131n e\u015fit haklardan faydalanarak hayata dahil olduklar\u0131 bir toplum olu\u015fturmak. T\u00fcm projelerimiz bu ana hedefe odakl\u0131. \u00d6n\u00fcm\u00fczdeki 3 y\u0131l boyunca \u201cEdebiyat ve Biz\u201d projemiz ba\u011flam\u0131nda \u00e7ok \u00e7e\u015fitli e\u011fitici ve sanatsal etkinlik d\u00fczenleyece\u011fiz. Kitaplar\u0131m\u0131z yay\u0131nlanacak. Buna ba\u011fl\u0131 olarak T\u00fcrkiye\u2019nin her ilinde \u00f6zel e\u011fitim okullar\u0131na kitapl\u0131k kurmak istiyoruz. Devam eden projelerimiz zaten art\u0131k 10. Y\u0131l\u0131n\u0131 da ge\u00e7ti, ba\u011f\u0131ms\u0131z ya\u015fam ve sosyalizasyon programlar\u0131m\u0131z art\u0131k s\u00fcrd\u00fcr\u00fclebilirli\u011fini sa\u011flad\u0131. M\u00fczik grubumuz Fark Band\u2019in yolculu\u011fu da devam ediyor. \u015euan hen\u00fcz bir bebek olan \u201cEdebiyat ve Biz\u201d \u00fczerine odakl\u0131y\u0131z.<\/p>\n\n\n\n<p id=\"uz5gw292\"><strong>\u0130ZEV Vakf\u0131\u2019na destek olmak isteyen bireyler veya kurulu\u015flar nas\u0131l katk\u0131da<\/strong> <strong>bulunabilir?<\/strong><br><strong>Merve K\u0131l\u0131\u00e7:<\/strong>\u00a0Web sitemiz \u00fczerinden bizlere ba\u011f\u0131\u015f yapabilir, g\u00f6n\u00fcll\u00fc kayd\u0131 olu\u015fturarak g\u00f6n\u00fcll\u00fc deste\u011fi vermek \u00fczere haz\u0131rlanabilirler. Bununla birlikte sosyal medya hesaplar\u0131m\u0131z\u0131 takip ederek i\u00e7eriklerimizi yayg\u0131nla\u015ft\u0131rabilirler. Y\u00fcr\u00fcyen staj programlar\u0131m\u0131z da \u00f6\u011frencilere a\u00e7\u0131k. Staj imkanlar\u0131m\u0131z var. K\u0131sacas\u0131 destek olmak isteyen i\u00e7in \u0130ZEV\u2019de yap\u0131lacak \u00e7ok i\u015f var.<br><strong>Tan Ayt\u0131s:<\/strong>\u00a0G\u00f6n\u00fcll\u00fc olmak \u00e7ok g\u00fczel ve \u00e7ok \u00f6zel. \u0130ZEV g\u00f6n\u00fcll\u00fcs\u00fc olmak i\u00e7in beklemeyin.<\/p>\n\n\n\n<p id=\"9nxqo311\"><strong>Son olarak, topluma vermek istedi\u011finiz bir mesaj var m\u0131?<\/strong><br><strong>Merve K\u0131l\u0131\u00e7:<\/strong>\u00a0Standart, al\u0131\u015f\u0131lagelmi\u015f, ezberlenmi\u015f bak\u0131\u015f a\u00e7\u0131m\u0131zdan s\u0131yr\u0131lmaya davet ediyorum t\u00fcm okuyucular\u0131. \u00d6nyarg\u0131lar\u0131n her biri birer zincir. Kendi zihnimize koydu\u011fumuz s\u0131n\u0131rlar. Mottomuz:\u00a0<strong><em>Sen, ben yok, biz var\u0131z!<\/em><\/strong>\u00a0Yar\u0131n\u0131n toplumunu birlikte in\u015fa etti\u011fimizin fark\u0131nda olal\u0131m ve hayat\u0131m\u0131zda sivil toplum kurulu\u015flar\u0131na yer a\u00e7al\u0131m.<br><strong>Tan Ayt\u0131s:<\/strong>\u00a0Art\u0131k \u201cengelli\u201d demeyi b\u0131rakal\u0131m. Y\u0131k\u0131lmak zorunda olan zihinlerdeki duvar. Bizler sadece farkl\u0131y\u0131z. \u0130ZEV\u2019i izlemeye devam edin.<\/p>\n\n\n\n<p class=\"has-small-font-size\" id=\"fv7g35762\"><strong><em>Kapak foto\u011fraf\u0131:\u00a0Tan AYTIS &amp; Merve KILI\u00c7<\/em><\/strong><br><em><u><a href=\"https:\/\/www.instagram.com\/izev_vakfi\/\" target=\"_blank\" rel=\"noreferrer noopener\">@izev_vakfi<\/a><\/u> <br><u><a href=\"https:\/\/www.instagram.com\/tan.aytis\/\" target=\"_blank\" rel=\"noreferrer noopener\">@tan.aytis<\/a><\/u> <\/em><\/p>\n\n\n\n<p><\/p>\n","protected":false},"excerpt":{"rendered":"<p>Engelsiz \u00d6zel Say\u0131s\u0131 i\u00e7in ger\u00e7ekle\u015ftirdi\u011fimiz bu \u00f6zel s\u00f6yle\u015fide, \u0130ZEV Vakf\u0131 Ba\u015fkan\u0131 Merve K\u0131l\u0131\u00e7 ve Uluslararas\u0131 Gen\u00e7lik Temsilcisi \u0130smail Tan Ayt\u0131s, zihin farkl\u0131 bireylerin toplumsal hayata kat\u0131l\u0131m\u0131n\u0131 g\u00fc\u00e7lendiren projelerini, Fark Band\u2019in ilham veren yolculu\u011funu ve \u2018Edebiyat ve Biz\u2019 projesinin detaylar\u0131n\u0131 Z\u0130A Online okurlar\u0131 i\u00e7in payla\u015ft\u0131.<\/p>\n","protected":false},"author":2,"featured_media":3607,"comment_status":"open","ping_status":"open","sticky":false,"template":"","format":"standard","meta":{"_uag_custom_page_level_css":"","footnotes":""},"categories":[79],"tags":[232,84,85],"class_list":["post-3606","post","type-post","status-publish","format-standard","has-post-thumbnail","hentry","category-lifestyle","tag-izev","tag-ziaonline","tag-ziaonlinedergi"],"blocksy_meta":[],"uagb_featured_image_src":{"full":["https:\/\/zerriniremakbay.com\/wp-content\/uploads\/2026\/02\/1200x900-11-2.png",1200,900,false],"thumbnail":["https:\/\/zerriniremakbay.com\/wp-content\/uploads\/2026\/02\/1200x900-11-2-150x150.png",150,150,true],"medium":["https:\/\/zerriniremakbay.com\/wp-content\/uploads\/2026\/02\/1200x900-11-2-300x225.png",300,225,true],"medium_large":["https:\/\/zerriniremakbay.com\/wp-content\/uploads\/2026\/02\/1200x900-11-2-768x576.png",768,576,true],"large":["https:\/\/zerriniremakbay.com\/wp-content\/uploads\/2026\/02\/1200x900-11-2-1024x768.png",1024,768,true],"1536x1536":["https:\/\/zerriniremakbay.com\/wp-content\/uploads\/2026\/02\/1200x900-11-2.png",1200,900,false],"2048x2048":["https:\/\/zerriniremakbay.com\/wp-content\/uploads\/2026\/02\/1200x900-11-2.png",1200,900,false]},"uagb_author_info":{"display_name":"Zerrin \u0130rem AKBAY","author_link":"https:\/\/zerriniremakbay.com\/?author=2"},"uagb_comment_info":0,"uagb_excerpt":"Engelsiz \u00d6zel Say\u0131s\u0131 i\u00e7in ger\u00e7ekle\u015ftirdi\u011fimiz bu \u00f6zel s\u00f6yle\u015fide, \u0130ZEV Vakf\u0131 Ba\u015fkan\u0131 Merve K\u0131l\u0131\u00e7 ve Uluslararas\u0131 Gen\u00e7lik Temsilcisi \u0130smail Tan Ayt\u0131s, zihin farkl\u0131 bireylerin toplumsal hayata kat\u0131l\u0131m\u0131n\u0131 g\u00fc\u00e7lendiren projelerini, Fark Band\u2019in ilham veren yolculu\u011funu ve \u2018Edebiyat ve Biz\u2019 projesinin detaylar\u0131n\u0131 Z\u0130A Online okurlar\u0131 i\u00e7in payla\u015ft\u0131.","_links":{"self":[{"href":"https:\/\/zerriniremakbay.com\/index.php?rest_route=\/wp\/v2\/posts\/3606","targetHints":{"allow":["GET"]}}],"collection":[{"href":"https:\/\/zerriniremakbay.com\/index.php?rest_route=\/wp\/v2\/posts"}],"about":[{"href":"https:\/\/zerriniremakbay.com\/index.php?rest_route=\/wp\/v2\/types\/post"}],"author":[{"embeddable":true,"href":"https:\/\/zerriniremakbay.com\/index.php?rest_route=\/wp\/v2\/users\/2"}],"replies":[{"embeddable":true,"href":"https:\/\/zerriniremakbay.com\/index.php?rest_route=%2Fwp%2Fv2%2Fcomments&post=3606"}],"version-history":[{"count":1,"href":"https:\/\/zerriniremakbay.com\/index.php?rest_route=\/wp\/v2\/posts\/3606\/revisions"}],"predecessor-version":[{"id":3609,"href":"https:\/\/zerriniremakbay.com\/index.php?rest_route=\/wp\/v2\/posts\/3606\/revisions\/3609"}],"wp:featuredmedia":[{"embeddable":true,"href":"https:\/\/zerriniremakbay.com\/index.php?rest_route=\/wp\/v2\/media\/3607"}],"wp:attachment":[{"href":"https:\/\/zerriniremakbay.com\/index.php?rest_route=%2Fwp%2Fv2%2Fmedia&parent=3606"}],"wp:term":[{"taxonomy":"category","embeddable":true,"href":"https:\/\/zerriniremakbay.com\/index.php?rest_route=%2Fwp%2Fv2%2Fcategories&post=3606"},{"taxonomy":"post_tag","embeddable":true,"href":"https:\/\/zerriniremakbay.com\/index.php?rest_route=%2Fwp%2Fv2%2Ftags&post=3606"}],"curies":[{"name":"wp","href":"https:\/\/api.w.org\/{rel}","templated":true}]}}