{"id":3576,"date":"2024-10-01T10:00:00","date_gmt":"2024-10-01T10:00:00","guid":{"rendered":"https:\/\/zerriniremakbay.com\/?p=3576"},"modified":"2026-02-02T00:33:43","modified_gmt":"2026-02-02T00:33:43","slug":"dj-hakan-kufundur-roportaj","status":"publish","type":"post","link":"https:\/\/zerriniremakbay.com\/?p=3576","title":{"rendered":"Odakta: Dj Hakan K\u00fcf\u00fcnd\u00fcr"},"content":{"rendered":"\n<p id=\"zzp1a750\"><strong>DJ&#8217;li\u011fe nas\u0131l ba\u015flad\u0131n\u0131z? Bu yolculu\u011funuzda sizi en \u00e7ok etkileyen an veya ki\u015filer kimlerdi?&nbsp;<\/strong><\/p>\n\n\n\n<p id=\"7fnvw752\">Dj\u2019li\u011fe merak\u0131m \u00e7ocuk ya\u015ftan ba\u015flad\u0131. \u0130nsanlara nas\u0131l m\u00fczik dinletebilirim derken asl\u0131nda ilk olarak radyo programc\u0131l\u0131\u011f\u0131na merak sald\u0131m. Ve e\u015f zamanl\u0131 olarak da club dj\u2019li\u011fi ba\u015flad\u0131. 18 ya\u015f\u0131ndan k\u00fc\u00e7\u00fck oldu\u011fum i\u00e7in kendi ya\u015f\u0131tlar\u0131ma daha \u00e7ok ev partileri ve \u00e7ay partilerinde \u00e7al\u0131yordum, 19 ya\u015f itibariyle profesyonel olarak mekanlarda ba\u015flad\u0131m.<\/p>\n\n\n\n<p id=\"flb53754\"><strong>90&#8217;lar Pop Parti ve Etkinli\u011fini ilk yapan sizsiniz. Neden 90\u2019lar? Bu d\u00f6nemi se\u00e7menizin \u00f6zel bir nedeni var m\u0131?&nbsp;<\/strong><\/p>\n\n\n\n<p id=\"hb08y756\">Kendili\u011finden geli\u015fti desem daha do\u011fru olur. Uzun y\u0131llar commercial a\u011fr\u0131l\u0131kl\u0131 \u00e7ald\u0131m ve daha sonra 90\u2019s Partilerinde \u00e7almaya ba\u015flad\u0131m. \u0130lk olarak 2005 y\u0131l\u0131nda zaman\u0131n \u00fcnl\u00fc mekan\u0131 Taksim Kemanc\u0131 Rock Bar\u2019da, ilk 90\u2019s Partisi\u2019ni d\u00fczenledim bir arkada\u015f\u0131mla. Bu etkinlikte yabanc\u0131 90\u2019lar \u015fark\u0131lar\u0131 a\u011f\u0131rl\u0131ktayd\u0131, daha sonra insanlar\u0131n T\u00fcrk\u00e7e Pop\u2019a ilgisinin daha y\u00fcksek oldu\u011funu fark ederek tamamen 90\u2019lar T\u00fcrk\u00e7e Pop a y\u00f6neldim.<\/p>\n\n\n\n<p id=\"c2vii758\"><strong>Partilerinizde \u00e7ald\u0131\u011f\u0131n\u0131z iki par\u00e7a var ki birincisi, Tarkan \u201c\u015e\u0131mar\u0131k\u201d di\u011feri ise Los Del Rio \u201cMacarena\u201d s\u0131k\u0131 takip\u00e7ileriniz bilir ki bu par\u00e7alar duyuldu\u011funda akla sizin de isminiz gelir. Peki, t\u00fcketim \u00e7a\u011f\u0131nda oldu\u011fumuz bu y\u0131llarda 90\u2019lar partilerinizin yurt d\u0131\u015f\u0131 dahil bu kadar ses getirmesinin s\u0131rr\u0131 nedir sizce?&nbsp;<\/strong><\/p>\n\n\n\n<p id=\"h7exp760\">Evet intro \u015fark\u0131m Tarkan \u015e\u0131mar\u0131k ve \u00d6l\u00fcr\u00fcm Sana\u2019n\u0131n miksinden olu\u015fuyor . partilerdeki tek yabanc\u0131 \u015fark\u0131mda Macarena\u2019d\u0131r, makara yap\u0131yoruz onunla da \ud83d\ude42<\/p>\n\n\n\n<p id=\"nwgl6762\">90\u2019lar T\u00fcrk\u00e7e Popun bu kadar ses getirmesindeki en \u00f6nemli etkenin , T\u00fcrk Pop M\u00fczi\u011fi\u2019nin en iyi y\u0131llar\u0131 olmas\u0131ndan kaynakland\u0131\u011f\u0131n\u0131 d\u00fc\u015f\u00fcn\u00fcyorum. Y\u0131llar ge\u00e7se de 1990-1999 aras\u0131 yap\u0131lan \u015fark\u0131lardan \u00e7ok daha iyileri \u00e7\u0131kmad\u0131 demekki, insanlar bu m\u00fczi\u011fi dinliyor.<\/p>\n\n\n\n<p id=\"l8tpl764\"><strong>90&#8217;lar pop m\u00fczi\u011fi partilerinizde en \u00e7ok talep edilen \u015fark\u0131lar hangileri? \u0130nsanlar en \u00e7ok hangi \u015fark\u0131y\u0131 duyduklar\u0131nda daha co\u015fkulu oluyorlar?<\/strong>&nbsp;<\/p>\n\n\n\n<p id=\"mjszw767\">Bahsetti\u011finiz gibi Tarkan\u0131n \u00f6zellikle 90\u2019lar ve 2000\u2019ler \u015eark\u0131lar\u0131, Sezen Aksu\u2019nun hareketli \u015fark\u0131lar\u0131 , Emel\u2019den Hovarda, Burak Kut\u2019tan Benimle Oynama, Mansur Ark\u2019tan Maalesef, \u00c7elik\u2019ten Ate\u015fteyim diyebiliriz. Bu arada art\u0131k sadece 90\u2019lar de\u011fil, 90\u2019lar 2000\u2019ler konsepti yap\u0131yorum ve bu kategorideki \u015fark\u0131lara Hande Yener ve Demet Akal\u0131n\u2019\u0131n 2000\u2019lerin ba\u015f\u0131ndaki \u015fark\u0131lar\u0131n\u0131 ekleyebiliriz.<\/p>\n\n\n\n<p id=\"jw4d3769\"><strong>DJ performans\u0131n\u0131z s\u0131ras\u0131nda ya\u015fad\u0131\u011f\u0131n\u0131z en unutulmaz an\u0131 bizimle payla\u015f\u0131r m\u0131s\u0131n\u0131z?&nbsp;<\/strong><\/p>\n\n\n\n<p id=\"f7dc3771\">Hem iyi hem k\u00f6t\u00fc an\u0131lar\u0131m var asl\u0131nda. \u00d6zellikle Odt\u00fc Vi\u015fnelik \u00c7im Amfide, ilk yapt\u0131\u011f\u0131m\u0131z 90\u2019lar Festivali\u2019nde binlerce insan\u0131 \u00e7\u0131lg\u0131nlar gibi dans ettirmek \u015fahaneydi. Ve bu festivale her y\u0131l devam ediyoruz. A\u00e7\u0131k hava sahnelerinde hem sanat\u00e7\u0131larla hemde solo olarak \u015fahane performanslar ya\u015fad\u0131k ve ya\u015f\u0131yoruz, bunlar unutulmaz an\u0131lar hem ben, hem sanat\u00e7\u0131lar hemde gelen dinleyiciler i\u00e7in.<\/p>\n\n\n\n<p id=\"5tarf773\">\u00c7\u00fcnk\u00fc art\u0131k eksiliyoruz, Metin Arolat\u2019\u0131n vefat\u0131 \u00f6rne\u011fin beni \u00e7ok sarst\u0131, \u00e7ok sevdi\u011fim bir arkada\u015f\u0131md\u0131.&nbsp;<\/p>\n\n\n\n<p id=\"t3lnv775\">K\u00f6t\u00fc an\u0131mda, birka\u00e7 kez sahnede sald\u0131r\u0131ya u\u011frad\u0131m , bir performans\u0131mda, gecenin ge\u00e7 saatlerinde, sarho\u015f bir dinleyici bira \u015fi\u015fesi f\u0131rlatt\u0131. Buna benzer olaylar, Ya\u015fand\u0131 Bitti Sayg\u0131s\u0131zca\u2026<\/p>\n\n\n\n<p id=\"taice777\"><strong>En sevdi\u011finiz 90&#8217;lar sanat\u00e7\u0131 ve \u015fark\u0131s\u0131 hangisi?<\/strong><\/p>\n\n\n\n<p id=\"0pnyk779\">Bu s\u00f6yleyece\u011fim asl\u0131nda slow bir \u015fark\u0131, ama hem \u015fark\u0131 hem Umur Turagay\u2019\u0131n \u00e7ekti\u011fi klibi m\u00fckemmeldir, o da: Orhan Atasoy\u2019un Gemiler \u015fark\u0131s\u0131d\u0131r. Her ne kadar Teoman\u2019da s\u00f6ylese \u015fark\u0131n\u0131n orijinalini dinledi\u011finizde ruh ba\u015fkad\u0131r. Cemali Duymak \u0130stiyorum ve Fatih Erdemci Ben \u00d6lmeden \u00d6nce \u015fark\u0131lar\u0131da say\u0131labilir.<\/p>\n\n\n\n<p id=\"t4x82781\"><strong>Peki, yeni nesilde dikkatinizi \u00e7eken, be\u011fendi\u011finiz sanat\u00e7\u0131 ve \u015fark\u0131lar var m\u0131?<\/strong><\/p>\n\n\n\n<p id=\"kywyo783\">Yeni nesil alternatif grup ve \u015fark\u0131c\u0131lar\u0131 dinliyorum, bunlara Madrigal , K\u00f6fn gibi, pop olarak Mela Bedel Ben Sana Gelemem dilime pelesenk olmu\u015f durumda.<\/p>\n\n\n\n<p id=\"imecv785\"><strong>90&#8217;lar parti ve etkinlikleri d\u0131\u015f\u0131nda ba\u015fka projeleriniz var m\u0131?&nbsp;<\/strong><\/p>\n\n\n\n<p id=\"6cluc787\">Ben uzun s\u00fcredir radyo program\u0131 sunuyorum, onu da atlamayal\u0131m, siz 90\u2019lar Dj\u2019i olarak bilsenizde hala radyo programlar\u0131ndan dolay\u0131 beni tan\u0131yan insanlar var, ama art\u0131k sadece haftada bir g\u00fcn, her Pazar 21:00 de Radyo 45\u2019likte yay\u0131nda oluyorum. Menajerlik ve Organizat\u00f6rl\u00fck yap\u0131yorum, ortak bir \u015firketim var, pek \u00e7ok ismin menajerli\u011fini yap\u0131yoruz . Ayn\u0131 zamanda 2021 y\u0131l\u0131ndan bu yana da 90\u2019lar T\u00fcrk\u00e7e Pop Festivalleri d\u00fczenliyoruz.<\/p>\n\n\n\n<p id=\"t892j789\"><strong>Son olarak, yeni DJ&#8217;lere veya bu alana girmek isteyenlere verebilece\u011finiz tavsiyeler nelerdir?&nbsp;<\/strong><\/p>\n\n\n\n<p id=\"abjma791\">Girmemeleri&nbsp; L\u00fctfen bir tarz\u0131n\u0131z yoksa ve m\u00fczik bilginiz, Dj\u2019lik kurslar\u0131na gidip zaman harcamay\u0131n,i\u015f olarak g\u00f6r\u00fcyorsan\u0131z. Bu T\u00fcrkiye i\u00e7in \u00e7ok ge\u00e7erli, \u00e7\u00fcnk\u00fc ger\u00e7ekten son y\u0131llarda \u00e7alabilecek mekanlar \u00e7ok azald\u0131 ve Dj \u00e7ok artt\u0131, yani arz-talep dengesizli\u011fi var, hal b\u00f6yle olunca \u00e7ok bo\u015fta Dj var. E\u011fer ben 18 ya\u015f\u0131nda Dj\u2019li\u011fe ba\u015fl\u0131yor olsayd\u0131m, herhalde elektronik m\u00fczi\u011fi se\u00e7er ve bir \u015fekilde productorluk yaparak d\u00fcnyaya a\u00e7\u0131lmaya \u00e7al\u0131\u015f\u0131rd\u0131m<\/p>\n\n\n\n<p id=\"h8nr5793\">D\u00fcnyada art\u0131k Dj\u2019lik kavram\u0131 prod\u00fckt\u00f6rl\u00fckle birlikte k\u0131ymetli, yoksa ufak tefek bar ya da club\u2019erde Dj\u2019lik yaparak maalesef yol kat edilmiyor ve para da kazan\u0131lm\u0131yor.<\/p>\n\n\n\n<p id=\"gkys3795\"><strong><em>Sevgiler.<\/em><\/strong><\/p>\n","protected":false},"excerpt":{"rendered":"<p>90\u2019lar T\u00fcrk\u00e7e Pop partilerinin \u00f6nc\u00fcs\u00fc DJ Hakan K\u00fcf\u00fcnd\u00fcr, m\u00fczikle ba\u015flayan yolculu\u011funu, unutulmaz sahne an\u0131lar\u0131n\u0131 ve 90\u2019lar ruhunun neden h\u00e2l\u00e2 bu kadar g\u00fc\u00e7l\u00fc oldu\u011funu Z\u0130A ONLINE\u2019a anlatt\u0131. Nostalji, m\u00fczik tutkusu ve sekt\u00f6re dair samimi itiraflar, 90\u2019lar \u00d6zel Say\u0131m\u0131za \u00f6zel bu keyifli s\u00f6yle\u015fide sizlerle.<\/p>\n","protected":false},"author":2,"featured_media":3577,"comment_status":"open","ping_status":"open","sticky":false,"template":"","format":"standard","meta":{"_uag_custom_page_level_css":"","footnotes":""},"categories":[79],"tags":[216,197,215,84,85],"class_list":["post-3576","post","type-post","status-publish","format-standard","has-post-thumbnail","hentry","category-lifestyle","tag-90lar","tag-dj","tag-djhakankufundur","tag-ziaonline","tag-ziaonlinedergi"],"blocksy_meta":[],"uagb_featured_image_src":{"full":["https:\/\/zerriniremakbay.com\/wp-content\/uploads\/2026\/02\/1200x900-3.png",1200,900,false],"thumbnail":["https:\/\/zerriniremakbay.com\/wp-content\/uploads\/2026\/02\/1200x900-3-150x150.png",150,150,true],"medium":["https:\/\/zerriniremakbay.com\/wp-content\/uploads\/2026\/02\/1200x900-3-300x225.png",300,225,true],"medium_large":["https:\/\/zerriniremakbay.com\/wp-content\/uploads\/2026\/02\/1200x900-3-768x576.png",768,576,true],"large":["https:\/\/zerriniremakbay.com\/wp-content\/uploads\/2026\/02\/1200x900-3-1024x768.png",1024,768,true],"1536x1536":["https:\/\/zerriniremakbay.com\/wp-content\/uploads\/2026\/02\/1200x900-3.png",1200,900,false],"2048x2048":["https:\/\/zerriniremakbay.com\/wp-content\/uploads\/2026\/02\/1200x900-3.png",1200,900,false]},"uagb_author_info":{"display_name":"Zerrin \u0130rem AKBAY","author_link":"https:\/\/zerriniremakbay.com\/?author=2"},"uagb_comment_info":0,"uagb_excerpt":"90\u2019lar T\u00fcrk\u00e7e Pop partilerinin \u00f6nc\u00fcs\u00fc DJ Hakan K\u00fcf\u00fcnd\u00fcr, m\u00fczikle ba\u015flayan yolculu\u011funu, unutulmaz sahne an\u0131lar\u0131n\u0131 ve 90\u2019lar ruhunun neden h\u00e2l\u00e2 bu kadar g\u00fc\u00e7l\u00fc oldu\u011funu Z\u0130A ONLINE\u2019a anlatt\u0131. Nostalji, m\u00fczik tutkusu ve sekt\u00f6re dair samimi itiraflar, 90\u2019lar \u00d6zel Say\u0131m\u0131za \u00f6zel bu keyifli s\u00f6yle\u015fide sizlerle.","_links":{"self":[{"href":"https:\/\/zerriniremakbay.com\/index.php?rest_route=\/wp\/v2\/posts\/3576","targetHints":{"allow":["GET"]}}],"collection":[{"href":"https:\/\/zerriniremakbay.com\/index.php?rest_route=\/wp\/v2\/posts"}],"about":[{"href":"https:\/\/zerriniremakbay.com\/index.php?rest_route=\/wp\/v2\/types\/post"}],"author":[{"embeddable":true,"href":"https:\/\/zerriniremakbay.com\/index.php?rest_route=\/wp\/v2\/users\/2"}],"replies":[{"embeddable":true,"href":"https:\/\/zerriniremakbay.com\/index.php?rest_route=%2Fwp%2Fv2%2Fcomments&post=3576"}],"version-history":[{"count":2,"href":"https:\/\/zerriniremakbay.com\/index.php?rest_route=\/wp\/v2\/posts\/3576\/revisions"}],"predecessor-version":[{"id":3592,"href":"https:\/\/zerriniremakbay.com\/index.php?rest_route=\/wp\/v2\/posts\/3576\/revisions\/3592"}],"wp:featuredmedia":[{"embeddable":true,"href":"https:\/\/zerriniremakbay.com\/index.php?rest_route=\/wp\/v2\/media\/3577"}],"wp:attachment":[{"href":"https:\/\/zerriniremakbay.com\/index.php?rest_route=%2Fwp%2Fv2%2Fmedia&parent=3576"}],"wp:term":[{"taxonomy":"category","embeddable":true,"href":"https:\/\/zerriniremakbay.com\/index.php?rest_route=%2Fwp%2Fv2%2Fcategories&post=3576"},{"taxonomy":"post_tag","embeddable":true,"href":"https:\/\/zerriniremakbay.com\/index.php?rest_route=%2Fwp%2Fv2%2Ftags&post=3576"}],"curies":[{"name":"wp","href":"https:\/\/api.w.org\/{rel}","templated":true}]}}