{"id":3404,"date":"2025-12-01T10:00:00","date_gmt":"2025-12-01T10:00:00","guid":{"rendered":"https:\/\/zerriniremakbay.com\/?p=3404"},"modified":"2026-02-04T15:58:06","modified_gmt":"2026-02-04T15:58:06","slug":"mekandaki-ikiliklerca","status":"publish","type":"post","link":"https:\/\/zerriniremakbay.com\/?p=3404","title":{"rendered":"Mek\u00e2ndaki \u0130kilikler"},"content":{"rendered":"\n<p id=\"r52ze619\"><strong>Zaman S\u00fcreci: Var Olma Ger\u00e7ekli\u011fi<\/strong><br>Varl\u0131\u011f\u0131m\u0131z bir denge \u00fczerine kurulu; hepimizin i\u00e7inde varl\u0131\u011fa dair pek \u00e7ok his, g\u00fcd\u00fc, duygu, sezi, \u0131\u015f\u0131k var. Bu sayd\u0131\u011f\u0131m \u00e7e\u015fitlilik; inanca g\u00f6re, d\u00fc\u015f\u00fcnceye g\u00f6re, kendini tan\u0131mlama veya evreni, ya\u015fam\u0131 tan\u0131mlama bilincine g\u00f6re de\u011fi\u015febilen isimler. Bir varl\u0131k, asl\u0131nda var olabilmesinin nedeni olarak kar\u015f\u0131tl\u0131klar bar\u0131nd\u0131rmal\u0131 ki kendini belirli bir olu\u015fumda tan\u0131mlayabilsin. G\u00fczelli\u011fin manas\u0131, \u00e7irkinli\u011fin varl\u0131\u011f\u0131yla kavranabilir. T\u00fcm kar\u015f\u0131t tan\u0131mlar bu \u015fekilde bir denge s\u00fcrecinde yarat\u0131m\u0131 olu\u015fturuyorlar. Bu y\u00fczden de hayat\u0131m\u0131zda ger\u00e7ek bir varl\u0131k bilinci i\u00e7in her duyguyu benimsiyor olmak, kendi varl\u0131\u011f\u0131m\u0131z\u0131 olu\u015fturma s\u00fcrecinde bir ger\u00e7eklik diye d\u00fc\u015f\u00fcn\u00fcyorum.<\/p>\n\n\n\n<p id=\"1l6qs552\">\u0130nsanlar olarak iyi olma, g\u00fczel olma, ba\u015far\u0131l\u0131 olma, zengin olma gibi pek \u00e7ok nitelik azmi i\u00e7indeyiz. Bu tan\u0131mlad\u0131\u011f\u0131m\u0131z h\u00e2liyle pozitif bir var olma ya da pozitif bir \u015fekillenme durumu, ancak kar\u015f\u0131tlar\u0131yla var olabildi\u011finin fark\u0131na var\u0131ld\u0131\u011f\u0131nda ger\u00e7ekten as\u0131l e\u015fsiz bir olma h\u00e2lini deneyimleyebildi\u011fimizi d\u00fc\u015f\u00fcn\u00fcyorum. Bu y\u00fczden ikilikler \u00f6z\u00fcnde olumsuz say\u0131lsa da asl\u0131nda i\u00e7inde bir b\u00fct\u00fcnl\u00fck ta\u015f\u0131yor; ger\u00e7ek bir varl\u0131k h\u00e2linin b\u00fct\u00fcnl\u00fc\u011f\u00fcn\u00fc.<\/p>\n\n\n\n<figure class=\"wp-block-image size-full is-resized\"><img loading=\"lazy\" decoding=\"async\" width=\"805\" height=\"1024\" src=\"https:\/\/zerriniremakbay.com\/wp-content\/uploads\/2026\/01\/Mekandaki-Ikilikler-I.jpg\" alt=\"\" class=\"wp-image-3405\" style=\"width:523px;height:auto\" srcset=\"https:\/\/zerriniremakbay.com\/wp-content\/uploads\/2026\/01\/Mekandaki-Ikilikler-I.jpg 805w, https:\/\/zerriniremakbay.com\/wp-content\/uploads\/2026\/01\/Mekandaki-Ikilikler-I-236x300.jpg 236w, https:\/\/zerriniremakbay.com\/wp-content\/uploads\/2026\/01\/Mekandaki-Ikilikler-I-768x977.jpg 768w\" sizes=\"auto, (max-width: 805px) 100vw, 805px\" \/><\/figure>\n\n\n\n<blockquote class=\"wp-block-quote is-layout-flow wp-block-quote-is-layout-flow\">\n<p class=\"has-small-font-size\" id=\"fzuy0654\"><em>Photo credit: @pinterest<\/em><\/p>\n<\/blockquote>\n\n\n\n<p id=\"th0ys611\"><strong>Karar Verelim: Bir Arada Uyum<\/strong><br>\u0130kilik alg\u0131s\u0131 uyand\u0131rabilecek bir birlikte kullan\u0131m, alanlardaki pek \u00e7ok k\u0131s\u0131mda varl\u0131k g\u00f6sterebilir. Mekanlardaki tasar\u0131mlar\u0131m\u0131zda pek \u00e7ok farkl\u0131 materyali, rengi, kuma\u015f\u0131, mobilyalar\u0131; ama\u00e7lar\u0131 veya tasar\u0131mlar\u0131 farkl\u0131 olsa bile bir arada kullanarak farkl\u0131l\u0131\u011f\u0131n uyumunu yakalayabiliyoruz. Bu ikili\u011fin sadece fiziksel alg\u0131 olarak da de\u011ferlendirilmemesi gerekti\u011fini d\u00fc\u015f\u00fcn\u00fcyorum; bu, his olarak da i\u00e7imizde bir denge olu\u015fumuna yard\u0131mc\u0131 olabilen bir kavram. Bir tabloyu d\u00fc\u015f\u00fcnelim; i\u00e7eri\u011finin soyut ve \u015fahsi olarak i\u00e7imizde rahats\u0131z seziler yaratan \u00e7izgilerden, renklerden olu\u015ftu\u011funu varsayal\u0131m. Bu tablonun alt k\u0131sm\u0131na bu seziyi dengeleyecek modern, sade bir tasar\u0131mda koltuk yerle\u015ftirilirse, bu ikisi birlikte i\u00e7imizdeki n\u00f6tr alan\u0131 olu\u015fturabilirler ve b\u00f6ylece farkl\u0131 hislere sahip iki mobilya, i\u00e7imizdeki o ikilik hissi ile birlikte uyumlanabilir oluyorlar mekan\u0131m\u0131zda. Tamamen birbirinden farkl\u0131 ama\u00e7 ve kullan\u0131mda olabilirler; fakat bir arada hem uyar\u0131 niteli\u011fini hem de o uyar\u0131y\u0131 fark edece\u011fimiz sakinlik h\u00e2linin varl\u0131\u011f\u0131n\u0131 maddele\u015ftirmi\u015f oluyorlar.<\/p>\n\n\n\n<p id=\"fpxvc557\">Bu ikilik alg\u0131s\u0131, ki\u015finin \u00f6z varl\u0131\u011f\u0131ndan do\u011fan bir idrak etme ve tan\u0131mlayabilme durumu. Mimari alanda bu tarz tasar\u0131mlar, tasar\u0131m b\u00fct\u00fcnl\u00fc\u011f\u00fc alg\u0131s\u0131n\u0131n farkl\u0131 bir perspektifte de\u011ferlendirilme durumudur. Mimari b\u00fct\u00fcnl\u00fc\u011fe yans\u0131yan t\u00fcm birikimler; sanat, felsefe, e\u011fitim gibi alanlardan kazand\u0131\u011f\u0131m\u0131z, bu alandaki kar\u015f\u0131t temalar\u0131 besleyecek ve kavrayabilecek bir tasar\u0131m kimli\u011fine sahip olmam\u0131z\u0131 yarat\u0131r. Bu yeni yakla\u015f\u0131m\u0131, hayat\u0131m\u0131n bu b\u00f6l\u00fcm\u00fcnde fark etti\u011fim de\u011ferli tecr\u00fcbelerden yola \u00e7\u0131karak tan\u0131mlayabiliyorum. \u0130kiliklerin uyumunun, hepimizin varl\u0131\u011f\u0131ndaki evrensel bir deneyim olarak kabul edilebilir diye d\u00fc\u015f\u00fcn\u00fcyorum.<\/p>\n\n\n\n<p id=\"lvfav559\">Mekanlardaki bu farkl\u0131 alg\u0131lama yarat\u0131mlar\u0131, ki\u015fisel olarak yans\u0131t\u0131labilecek bir tasar\u0131m \u015fekli. \u0130kilik, asl\u0131nda mekanda bir tasar\u0131m karma\u015fas\u0131 veya karar verilememi\u015f bir tasar\u0131m dili olarak da kar\u015f\u0131m\u0131za \u00e7\u0131kabilecek bir kavram. Bu tan\u0131m\u0131 ile de \u201cAma\u00e7lanan asl\u0131nda nedir?\u201d sorusuna d\u00f6n\u00fclmesi gerekir. \u00dcst standartlarda de\u011ferlendirirsek, tasar\u0131mc\u0131n\u0131n amac\u0131 bu oturmam\u0131\u015fl\u0131k hissini yaratmak da olabilir.<\/p>\n\n\n\n<figure class=\"wp-block-image size-full\"><img loading=\"lazy\" decoding=\"async\" width=\"500\" height=\"750\" src=\"https:\/\/zerriniremakbay.com\/wp-content\/uploads\/2026\/01\/Mekandaki-Ikilikler-II.jpg\" alt=\"\" class=\"wp-image-3406\" srcset=\"https:\/\/zerriniremakbay.com\/wp-content\/uploads\/2026\/01\/Mekandaki-Ikilikler-II.jpg 500w, https:\/\/zerriniremakbay.com\/wp-content\/uploads\/2026\/01\/Mekandaki-Ikilikler-II-200x300.jpg 200w\" sizes=\"auto, (max-width: 500px) 100vw, 500px\" \/><\/figure>\n\n\n\n<blockquote class=\"wp-block-quote is-layout-flow wp-block-quote-is-layout-flow\">\n<p class=\"has-small-font-size\" id=\"fftj91902\"><em>Photo credit: @pinterest&nbsp;<\/em><\/p>\n<\/blockquote>\n\n\n\n<p id=\"c9ec6584\"><strong>Sonu\u00e7 De\u011ferlendirmesi: Kabul Edilen Ger\u00e7ek<\/strong><br>Y\u0131l\u0131n son ay\u0131nda, yeni y\u0131l i\u00e7in, yeni ba\u015flang\u0131\u00e7 i\u00e7in, pozitif ve tamamlanm\u0131\u015f bir ruh h\u00e2li i\u00e7in tela\u015f i\u00e7indeyiz belki de. Bu durumla ilgili zamanla tan\u0131mlanm\u0131\u015f veya ezber edilmi\u015f yakla\u015f\u0131mlardan uzak, asl\u0131nda her an\u0131n yeni bir ba\u015flang\u0131\u00e7 oldu\u011funu hat\u0131rlatmak istiyorum. Her anda kendimizi yeniden \u015fekillendiriyoruz; ikilikler fark\u0131ndal\u0131\u011f\u0131yla bu \u015fekillenme s\u00fcrecinin \u00e7ok daha derin ve ger\u00e7ek olabilece\u011fini d\u00fc\u015f\u00fcn\u00fcyorum. Her iki y\u00f6n\u00fcn de kabul\u00fc, var olan \u00f6z ger\u00e7e\u011fin, birli\u011fin fark\u0131ndal\u0131\u011f\u0131 a\u00e7\u0131s\u0131ndan g\u00fczel bir ad\u0131m. Bu ikili\u011fin mekandaki yans\u0131malar\u0131n\u0131 anlayabilmek ad\u0131na veya bu tasar\u0131m\u0131 olu\u015fturabilmek i\u00e7in \u00f6ncelikle kendi hayat\u0131m\u0131zdaki bu ikilik bilincini anlamam\u0131z gerekiyor. Bu y\u00fczden aral\u0131k ay\u0131 yaz\u0131m\u0131, maddeden daha \u00e7ok mana olarak ikilik kavram\u0131 \u00fczerinde durarak yaz\u0131yorum. Evrende ger\u00e7ekle\u015fen her h\u00e2lin bir amac\u0131n\u0131n, bir yerinin, bir varl\u0131\u011f\u0131n\u0131n kabul\u00fcnden yola \u00e7\u0131karak uyumsuz say\u0131labilecek ikili her \u015feyin de zann\u0131m\u0131zda bir yere oturabilece\u011fini kavrayabilecek bir bilin\u00e7 yaratabilmek, kendimize katt\u0131\u011f\u0131m\u0131z yeni bir anlam olacakt\u0131r. Yeni y\u0131lda bol anlamlar ve kazan\u0131mlar diliyorum. Rumi\u2019nin dedi\u011fi gibi, belki de \u00e7\u00f6mle\u011fi tutan d\u0131\u015f\u0131ndaki bi\u00e7im de\u011fil, i\u00e7indeki bo\u015fluktur; olabilir mi dersiniz?<\/p>\n\n\n\n<p class=\"has-small-font-size\" id=\"viewer-viewer-viewer-hkaq0129\"><strong><em>Restorat\u00f6r \u0130\u00e7 Mimar<br>Bet\u00fcl AKYAZI<\/em><\/strong><br>\u00a0<a href=\"https:\/\/www.instagram.com\/marben.design?igsh=MW1ia3Q2dTFnMWJtMg==\" target=\"_blank\" rel=\"noreferrer noopener\">@marben.design<\/a><\/p>\n\n\n\n<p><\/p>\n","protected":false},"excerpt":{"rendered":"<p>Bu yaz\u0131m\u0131zda; insan\u0131n i\u00e7 d\u00fcnyas\u0131ndaki kar\u015f\u0131tl\u0131klar\u0131n ve mek\u00e2nsal tasar\u0131mdaki farkl\u0131l\u0131klar\u0131n, do\u011fru bir fark\u0131ndal\u0131kla uyuma ve b\u00fct\u00fcnl\u00fc\u011fe d\u00f6n\u00fc\u015febilmesini ele ald\u0131k.<\/p>\n","protected":false},"author":3,"featured_media":3407,"comment_status":"open","ping_status":"open","sticky":false,"template":"","format":"standard","meta":{"_uag_custom_page_level_css":"","footnotes":""},"categories":[79],"tags":[108,202,84,85],"class_list":["post-3404","post","type-post","status-publish","format-standard","has-post-thumbnail","hentry","category-lifestyle","tag-dekorasyon","tag-icmekan","tag-ziaonline","tag-ziaonlinedergi"],"blocksy_meta":[],"uagb_featured_image_src":{"full":["https:\/\/zerriniremakbay.com\/wp-content\/uploads\/2026\/01\/1200x900-1-1.png",1200,900,false],"thumbnail":["https:\/\/zerriniremakbay.com\/wp-content\/uploads\/2026\/01\/1200x900-1-1-150x150.png",150,150,true],"medium":["https:\/\/zerriniremakbay.com\/wp-content\/uploads\/2026\/01\/1200x900-1-1-300x225.png",300,225,true],"medium_large":["https:\/\/zerriniremakbay.com\/wp-content\/uploads\/2026\/01\/1200x900-1-1-768x576.png",768,576,true],"large":["https:\/\/zerriniremakbay.com\/wp-content\/uploads\/2026\/01\/1200x900-1-1-1024x768.png",1024,768,true],"1536x1536":["https:\/\/zerriniremakbay.com\/wp-content\/uploads\/2026\/01\/1200x900-1-1.png",1200,900,false],"2048x2048":["https:\/\/zerriniremakbay.com\/wp-content\/uploads\/2026\/01\/1200x900-1-1.png",1200,900,false]},"uagb_author_info":{"display_name":"BET\u00dcL AKYAZI","author_link":"https:\/\/zerriniremakbay.com\/?author=3"},"uagb_comment_info":0,"uagb_excerpt":"Bu yaz\u0131m\u0131zda; insan\u0131n i\u00e7 d\u00fcnyas\u0131ndaki kar\u015f\u0131tl\u0131klar\u0131n ve mek\u00e2nsal tasar\u0131mdaki farkl\u0131l\u0131klar\u0131n, do\u011fru bir fark\u0131ndal\u0131kla uyuma ve b\u00fct\u00fcnl\u00fc\u011fe d\u00f6n\u00fc\u015febilmesini ele ald\u0131k.","_links":{"self":[{"href":"https:\/\/zerriniremakbay.com\/index.php?rest_route=\/wp\/v2\/posts\/3404","targetHints":{"allow":["GET"]}}],"collection":[{"href":"https:\/\/zerriniremakbay.com\/index.php?rest_route=\/wp\/v2\/posts"}],"about":[{"href":"https:\/\/zerriniremakbay.com\/index.php?rest_route=\/wp\/v2\/types\/post"}],"author":[{"embeddable":true,"href":"https:\/\/zerriniremakbay.com\/index.php?rest_route=\/wp\/v2\/users\/3"}],"replies":[{"embeddable":true,"href":"https:\/\/zerriniremakbay.com\/index.php?rest_route=%2Fwp%2Fv2%2Fcomments&post=3404"}],"version-history":[{"count":8,"href":"https:\/\/zerriniremakbay.com\/index.php?rest_route=\/wp\/v2\/posts\/3404\/revisions"}],"predecessor-version":[{"id":3636,"href":"https:\/\/zerriniremakbay.com\/index.php?rest_route=\/wp\/v2\/posts\/3404\/revisions\/3636"}],"wp:featuredmedia":[{"embeddable":true,"href":"https:\/\/zerriniremakbay.com\/index.php?rest_route=\/wp\/v2\/media\/3407"}],"wp:attachment":[{"href":"https:\/\/zerriniremakbay.com\/index.php?rest_route=%2Fwp%2Fv2%2Fmedia&parent=3404"}],"wp:term":[{"taxonomy":"category","embeddable":true,"href":"https:\/\/zerriniremakbay.com\/index.php?rest_route=%2Fwp%2Fv2%2Fcategories&post=3404"},{"taxonomy":"post_tag","embeddable":true,"href":"https:\/\/zerriniremakbay.com\/index.php?rest_route=%2Fwp%2Fv2%2Ftags&post=3404"}],"curies":[{"name":"wp","href":"https:\/\/api.w.org\/{rel}","templated":true}]}}