{"id":3128,"date":"2023-10-01T10:00:00","date_gmt":"2023-10-01T10:00:00","guid":{"rendered":"https:\/\/zerriniremakbay.com\/?p=3128"},"modified":"2026-02-01T20:55:52","modified_gmt":"2026-02-01T20:55:52","slug":"roportaj-aziz-sariyer-derin-sariyer","status":"publish","type":"post","link":"https:\/\/zerriniremakbay.com\/?p=3128","title":{"rendered":"Odakta: Aziz Sar\u0131yer &#8211; Derin Sar\u0131yer"},"content":{"rendered":"\n<p id=\"foo\"><strong>D\u00fcnya tasar\u0131m arenas\u0131n\u0131n de\u011ferli iki ismi Aziz Sar\u0131yer ve Derin Sar\u0131yer ile birli\u011fin g\u00fcc\u00fcn\u00fc hissettiren bir s\u00f6yle\u015fi\u2026<\/strong><\/p>\n\n\n\n<p id=\"1up4k\"><strong>Z\u0130A:\u00a0Tasar\u0131mc\u0131 olmaya ilk karar verdi\u011finiz an ve d\u00f6n\u00fcm noktan\u0131z neydi?<\/strong><\/p>\n\n\n\n<p id=\"8rrg\"><strong>Aziz Sar\u0131yer:<\/strong><br>Karar vermeden her \u015fey kendili\u011finden geli\u015fti. Zaman\u0131m\u0131zda \u00e7ocukken oyuncaklar\u0131m\u0131z\u0131 kendimiz yapard\u0131k. \u0130lkokuldan beri tatillerde mobilya at\u00f6lyelerinde \u00e7al\u0131\u015farak imalat teknik s\u00fcrelerini ya\u015f\u0131yordum. 1971 y\u0131l\u0131nda k\u00fc\u00e7\u00fck at\u00f6lyemi ve ma\u011fazam\u0131 a\u00e7arak kendi \u00e7izdi\u011fim mobilya ve aksesuarlar\u0131 \u00fcretmeye ba\u015flad\u0131m.\u00a0<\/p>\n\n\n\n<p id=\"723n2\">2000 y\u0131l\u0131nda orta\u011f\u0131m Derin Sar\u0131yer ile birlikte geli\u015ftirdi\u011fimiz koleksiyonu yurt d\u0131\u015f\u0131ndaki bir\u00e7ok fuarlarda sergiledikten sonra ihracat yapabilir hale geldik. Akabinde yabanc\u0131 firmalar\u0131n bizim yeni tasar\u0131mlar\u0131m\u0131z\u0131 koleksiyonlar\u0131na katmas\u0131yla uluslararas\u0131 ba\u015far\u0131ya ula\u015ft\u0131k. T\u00fcrkiye de bir\u00e7ok farkl\u0131 sekt\u00f6rde \u00e7al\u0131\u015fmalar\u0131m\u0131z devam ediyor.<\/p>\n\n\n\n<figure class=\"wp-block-image size-large is-resized\"><img loading=\"lazy\" decoding=\"async\" width=\"686\" height=\"1024\" src=\"https:\/\/zerriniremakbay.com\/wp-content\/uploads\/2026\/01\/Aziz-Sariyer-686x1024.jpg\" alt=\"\" class=\"wp-image-3129\" style=\"aspect-ratio:0.6699271665317899;width:467px;height:auto\" srcset=\"https:\/\/zerriniremakbay.com\/wp-content\/uploads\/2026\/01\/Aziz-Sariyer-686x1024.jpg 686w, https:\/\/zerriniremakbay.com\/wp-content\/uploads\/2026\/01\/Aziz-Sariyer-201x300.jpg 201w, https:\/\/zerriniremakbay.com\/wp-content\/uploads\/2026\/01\/Aziz-Sariyer-768x1147.jpg 768w, https:\/\/zerriniremakbay.com\/wp-content\/uploads\/2026\/01\/Aziz-Sariyer-1028x1536.jpg 1028w, https:\/\/zerriniremakbay.com\/wp-content\/uploads\/2026\/01\/Aziz-Sariyer-1371x2048.jpg 1371w, https:\/\/zerriniremakbay.com\/wp-content\/uploads\/2026\/01\/Aziz-Sariyer-scaled.jpg 1714w\" sizes=\"auto, (max-width: 686px) 100vw, 686px\" \/><\/figure>\n\n\n\n<p class=\"has-small-font-size\" id=\"13eo4\"><a href=\"https:\/\/www.instagram.com\/azizsariyer\/\" target=\"_blank\" rel=\"noreferrer noopener\"><u><em>@azizsariyer<\/em><\/u><\/a><\/p>\n\n\n\n<p id=\"f9s2k\"><strong>Derin Sar\u0131yer:<\/strong><br>Tasar\u0131m\u0131n, \u00f6zellikle mobilya tasar\u0131m\u0131n\u0131n i\u00e7ine do\u011fdum. Evimizde babam\u0131n T\u00fcrkiye\u2019de sergiledi\u011fi, d\u00fcnya i\u00e7in de \u015fa\u015f\u0131rt\u0131c\u0131 tav\u0131rdaki Memphis gibi olu\u015fumlar\u0131n \u00fcr\u00fcnleri bulunurdu. \u00dcst\u00fcne \u00fcstl\u00fck bu \u00fcr\u00fcnlerin evdeki de\u011fi\u015fimleri \u00e7ok h\u0131zl\u0131yd\u0131. S\u00fcrekli bir devridaim hali vard\u0131. Bu hal benim i\u00e7in al\u0131\u015f\u0131lagelmi\u015f olmakla birlikte eve u\u011frayan arkada\u015flar\u0131m\u0131n hayret duyan bak\u0131\u015f ve s\u00f6ylediklerinden meselenin s\u0131radan olmad\u0131\u011f\u0131n\u0131 hissediyordum. Neredeyse \u00e7ocuklu\u011fum organik bir staj gibiydi. Bu nedenle de yenilik\u00e7i \u00fcr\u00fcn tasar\u0131m\u0131 ve k\u00fclliyat\u0131na her zaman \u00f6zel bir ilgim oldu. Beni heyecanland\u0131ran konular\u0131n ba\u015f\u0131nda gelir.<\/p>\n\n\n\n<figure class=\"wp-block-image size-large is-resized\"><img loading=\"lazy\" decoding=\"async\" width=\"1024\" height=\"683\" src=\"https:\/\/zerriniremakbay.com\/wp-content\/uploads\/2026\/01\/DerinSariyer_portre-1024x683.jpg\" alt=\"\" class=\"wp-image-3130\" style=\"width:751px;height:auto\" srcset=\"https:\/\/zerriniremakbay.com\/wp-content\/uploads\/2026\/01\/DerinSariyer_portre-1024x683.jpg 1024w, https:\/\/zerriniremakbay.com\/wp-content\/uploads\/2026\/01\/DerinSariyer_portre-300x200.jpg 300w, https:\/\/zerriniremakbay.com\/wp-content\/uploads\/2026\/01\/DerinSariyer_portre-768x512.jpg 768w, https:\/\/zerriniremakbay.com\/wp-content\/uploads\/2026\/01\/DerinSariyer_portre-1536x1025.jpg 1536w, https:\/\/zerriniremakbay.com\/wp-content\/uploads\/2026\/01\/DerinSariyer_portre-2048x1366.jpg 2048w\" sizes=\"auto, (max-width: 1024px) 100vw, 1024px\" \/><\/figure>\n\n\n\n<p class=\"has-small-font-size\" id=\"dki2a\"><a href=\"https:\/\/www.instagram.com\/derinsariyer\/\" rel=\"noreferrer noopener\" target=\"_blank\"><u>@derinsariyer<\/u><\/a><\/p>\n\n\n\n<p id=\"d3akd\"><strong>Z\u0130A: Tasar\u0131m sizin i\u00e7in ne ifade ediyor?<\/strong> <br><strong>Aziz ve Derin Sar\u0131yer\u2019in tasar\u0131ma bak\u0131\u015f\u0131 &#8211; tasar\u0131m mottosu nedir?<\/strong><\/p>\n\n\n\n<p id=\"9p476\"><strong>Aziz Sar\u0131yer:<\/strong><br>Tasar\u0131m problem \u00e7\u00f6z\u00fcm sanat\u0131d\u0131r. D\u00fc\u015f\u00fcnen ve hayal kuran her insan her meslekte bir tasar\u0131mc\u0131d\u0131r asl\u0131nda. Tasar\u0131m anlay\u0131\u015f\u0131m\u0131z\u0131 bir c\u00fcmleyle ifade etmek gerekirse;<\/p>\n\n\n\n<p id=\"1p4v4\"><em>\u2018\u2019Ekleyecek \u015fey kalmayana kadar de\u011fil, \u00e7\u0131kart\u0131lacak \u015fey kalmayana kadar\u2019\u2019<\/em> \u00fcr\u00fcn geli\u015ftirmek gerek.<\/p>\n\n\n\n<p id=\"cp9c6\"><strong>Derin Sar\u0131yer:<\/strong><\/p>\n\n\n\n<p id=\"7jstc\">Tasar\u0131mda en \u00f6n planda fonksiyon gelir. Fonksiyonu olan bir \u00fcr\u00fcn tasar\u0131md\u0131r. O noktadan daha ileri gitti\u011finizde ise durum sanata do\u011fru kay\u0131yor. Ama tasar\u0131m sadece bir fonksiyon da de\u011fildir. Biz bir masay\u0131 salt \u00fczerine bardak koyabilece\u011fimiz i\u00e7in sevmeyiz. Onunla duygusal bir ba\u011flant\u0131ya da ge\u00e7eriz. Bize hissettirdikleri de vard\u0131r. Formuyla, esteti\u011fiyle, malzemesiyle bir \u00fcr\u00fcn\u00fcn bize hissettirdikleridir asl\u0131nda tasar\u0131m. Fonksiyonun yenilik\u00e7i olmas\u0131 her zaman tercih edilir ve art\u0131 de\u011fer katar.<\/p>\n\n\n\n<p id=\"84gha\"><strong>Z\u0130A: Tasar\u0131mlar\u0131n\u0131z\u0131 \u015fekillendiren s\u00fcre\u00e7ler nelerdir?<\/strong><\/p>\n\n\n\n<p id=\"buqbm\"><strong>Aziz Sar\u0131yer:<\/strong><br>Yetkin tasar\u0131mc\u0131 kendi felsefesiyle hayat\u0131 yorumlar ve tarif eder. Her seferindeki \u00e7al\u0131\u015fmalar\u0131nda kendini a\u015fmaya \u00e7al\u0131\u015f\u0131r. \u0130lk \u00f6nce sorunun neticesini hayal eder ve sonuca ula\u015f\u0131r.<\/p>\n\n\n\n<figure class=\"wp-block-image size-large is-resized\"><img loading=\"lazy\" decoding=\"async\" width=\"1024\" height=\"717\" src=\"https:\/\/zerriniremakbay.com\/wp-content\/uploads\/2023\/10\/Aliens_AzizSariyer-1024x717.jpg\" alt=\"\" class=\"wp-image-3132\" style=\"width:794px;height:auto\" srcset=\"https:\/\/zerriniremakbay.com\/wp-content\/uploads\/2023\/10\/Aliens_AzizSariyer-1024x717.jpg 1024w, https:\/\/zerriniremakbay.com\/wp-content\/uploads\/2023\/10\/Aliens_AzizSariyer-300x210.jpg 300w, https:\/\/zerriniremakbay.com\/wp-content\/uploads\/2023\/10\/Aliens_AzizSariyer-768x538.jpg 768w, https:\/\/zerriniremakbay.com\/wp-content\/uploads\/2023\/10\/Aliens_AzizSariyer-1536x1075.jpg 1536w, https:\/\/zerriniremakbay.com\/wp-content\/uploads\/2023\/10\/Aliens_AzizSariyer-2048x1434.jpg 2048w\" sizes=\"auto, (max-width: 1024px) 100vw, 1024px\" \/><\/figure>\n\n\n\n<p class=\"has-small-font-size\" id=\"6dh9u\"><em>Aliens &#8211; Aziz Sar\u0131yer\u00a0<\/em><\/p>\n\n\n\n<p id=\"6bode\"><strong>Derin Sar\u0131yer:<\/strong><br>Yapt\u0131\u011f\u0131m\u0131z her \u00fcr\u00fcn\u00fcn geometrisi, matemati\u011fi gibi kendi hesab\u0131n\u0131 bilimsel olarak verebilen bir alt yap\u0131s\u0131n\u0131n olmas\u0131n\u0131 istiyoruz. \u2018Yapt\u0131m oldu\u2019 gibi bir d\u00fc\u015f\u00fcncemiz yok. Ba\u015f\u0131m\u0131z\u0131 g\u00f6ky\u00fcz\u00fcne do\u011fru \u00e7\u0131kar\u0131rken ayaklar\u0131m\u0131z\u0131 da yerden kesmeden d\u00fcnyaya bakmaya \u00e7al\u0131\u015f\u0131yoruz. \u0130\u015fte o zaman; i\u015fitsel bir yakla\u015f\u0131ma da sahip oluyorsunuz. Biz duygulara geometriden, matematikten ula\u015f\u0131yoruz.<\/p>\n\n\n\n<figure class=\"wp-block-image size-large is-resized\"><img loading=\"lazy\" decoding=\"async\" width=\"1024\" height=\"640\" src=\"https:\/\/zerriniremakbay.com\/wp-content\/uploads\/2023\/10\/NasSmallTable_DerinSariyer_01-1024x640.jpg\" alt=\"\" class=\"wp-image-3134\" style=\"width:827px;height:auto\" srcset=\"https:\/\/zerriniremakbay.com\/wp-content\/uploads\/2023\/10\/NasSmallTable_DerinSariyer_01-1024x640.jpg 1024w, https:\/\/zerriniremakbay.com\/wp-content\/uploads\/2023\/10\/NasSmallTable_DerinSariyer_01-300x188.jpg 300w, https:\/\/zerriniremakbay.com\/wp-content\/uploads\/2023\/10\/NasSmallTable_DerinSariyer_01-768x480.jpg 768w, https:\/\/zerriniremakbay.com\/wp-content\/uploads\/2023\/10\/NasSmallTable_DerinSariyer_01-1536x960.jpg 1536w, https:\/\/zerriniremakbay.com\/wp-content\/uploads\/2023\/10\/NasSmallTable_DerinSariyer_01-2048x1280.jpg 2048w\" sizes=\"auto, (max-width: 1024px) 100vw, 1024px\" \/><\/figure>\n\n\n\n<p class=\"has-small-font-size\" id=\"70o4h\"><em>Nas Small Table &#8211; Derin Sar\u0131yer\u00a0<\/em><\/p>\n\n\n\n<p id=\"b76go\"><strong>Z\u0130A: Baba &#8211; o\u011ful ili\u015fkiniz tasar\u0131m s\u00fcrecinde nas\u0131l rollere b\u00fcr\u00fcn\u00fcyor? Zorland\u0131\u011f\u0131n\u0131z noktalar oluyor mu?<\/strong><\/p>\n\n\n\n<p id=\"141j2\"><strong>Aziz Sar\u0131yer:<\/strong><br>Aram\u0131zda 20 ya\u015f kadar az fark olmas\u0131ndan dolay\u0131 m\u00fc\u015fterek \u00e7al\u0131\u015fmalar\u0131m\u0131zda baba o\u011ful oldu\u011fumuzu ak\u0131l etmeden iki ortak gibi d\u00fc\u015f\u00fcnerek \u00e7al\u0131\u015f\u0131yoruz.\u00a0<\/p>\n\n\n\n<p id=\"fq89l\">Bir atas\u00f6z\u00fc vard\u0131r; \u2018\u2019Gen\u00e7ler bilebilse, Ya\u015fl\u0131lar yapabilse\u2019\u2019 Biz farkl\u0131 iki ortak ku\u015fak olarak hem bilebiliyor hem de yapabiliyoruz gibi.<\/p>\n\n\n\n<p id=\"aqj4b\"><strong>Derin Sar\u0131yer:<\/strong><br>Genelde iyi anla\u015f\u0131yoruz. Tabii baba o\u011ful ili\u015fkisi hassast\u0131r, bir de birlikte \u00e7al\u0131\u015f\u0131yorsan\u0131z hem teknik hem de duygusal a\u00e7\u0131lardan i\u00e7g\u00fcd\u00fclerinizi de devreye sokarak ili\u015fkinizi iyi y\u00f6netmeniz gerekir.<\/p>\n\n\n\n<p id=\"du5rn\"><strong>Z\u0130A: Birlikte \u00fcretmenin avantajlar\u0131 ve dezavantajlar\u0131 neler?<\/strong><\/p>\n\n\n\n<p id=\"5t5m4\"><strong>Aziz Sar\u0131yer:<\/strong><br>Hayat felsefeniz orta\u011f\u0131n\u0131zla yakla\u015f\u0131k ayn\u0131 paraleldeyse, \u00fcretme s\u00fcrecinizin kalitesi ikiye katlan\u0131yor.<\/p>\n\n\n\n<p id=\"eph3v\"><strong>Derin Sar\u0131yer:<\/strong><br>Tasar\u0131m anlay\u0131\u015f\u0131m\u0131z a\u00e7\u0131s\u0131ndan neredeyse hi\u00e7 ayr\u0131 d\u00fc\u015fmedi\u011fimizi s\u00f6yleyebilirim. \u0130\u015fimizle ilgili rasyonel ve sa\u011fduyulu bir bak\u0131\u015fa sahip olmaya \u00e7ok gayret g\u00f6steriyoruz. Bunu da \u00f6nemli bir \u00f6l\u00e7\u00fcde ba\u015far\u0131yoruz. Art\u0131k ta\u015flar yerine oturdu. Konu\u015fmadan bile anla\u015fabiliyoruz.<\/p>\n\n\n\n<p id=\"74efp\"><strong>Z\u0130A: Marka ve tasar\u0131mc\u0131 i\u015f birliklerinin g\u00fcc\u00fcne \u0131\u015f\u0131k tutmak gerekirse, Karaca x Sar\u0131yer Design koleksiyonundan biraz bahseder misiniz?<\/strong><\/p>\n\n\n\n<p id=\"6mpjg\"><strong>Sar\u0131yer Design:<\/strong><br>Tasarlad\u0131\u011f\u0131m\u0131z \u00fcr\u00fcnlerin \u00e7\u0131k\u0131\u015f noktas\u0131, Karaca markas\u0131n\u0131n \u00f6zellikle son y\u0131llarda iyice ivme kazanan evrensel yakla\u015f\u0131m\u0131na katk\u0131 sa\u011flamalar\u0131 gereklili\u011fiydi. Herhangi bir zamana, d\u00f6neme ait olmayan \u00e7al\u0131\u015fmalar yapmak istedik. Uzun y\u0131llar sonra da Karaca markas\u0131n\u0131n koleksiyonunda g\u00fcncelli\u011fini koruyarak klasikle\u015fecek tasar\u0131mlara odakland\u0131k.<\/p>\n\n\n\n<p id=\"pea0\">Geometri ve matematik i\u015fimize bak\u0131\u015f\u0131m\u0131z\u0131 y\u00f6nlendiren temel unsurlar. Bu konunun sadece teknik taraf\u0131n\u0131 de\u011fil lirik y\u00f6nlerini de ele al\u0131yoruz her projemizde. Bir su birikintisine ta\u015f at\u0131ld\u0131\u011f\u0131nda suyun y\u00fczeyinde olu\u015fan geometrik \u015fekilde bilimi de \u015fiiri de g\u00f6r\u00fcyoruz. Burada \u015fiir kelimesini hislere, duygulara i\u00e7kinli\u011fin bir metaforu olarak kullan\u0131yoruz.<\/p>\n\n\n\n<figure class=\"wp-block-image size-full\"><img loading=\"lazy\" decoding=\"async\" width=\"900\" height=\"900\" src=\"https:\/\/zerriniremakbay.com\/wp-content\/uploads\/2023\/10\/SariyerDesignXKaraca.jpg\" alt=\"\" class=\"wp-image-3135\" srcset=\"https:\/\/zerriniremakbay.com\/wp-content\/uploads\/2023\/10\/SariyerDesignXKaraca.jpg 900w, https:\/\/zerriniremakbay.com\/wp-content\/uploads\/2023\/10\/SariyerDesignXKaraca-300x300.jpg 300w, https:\/\/zerriniremakbay.com\/wp-content\/uploads\/2023\/10\/SariyerDesignXKaraca-150x150.jpg 150w, https:\/\/zerriniremakbay.com\/wp-content\/uploads\/2023\/10\/SariyerDesignXKaraca-768x768.jpg 768w\" sizes=\"auto, (max-width: 900px) 100vw, 900px\" \/><\/figure>\n\n\n\n<p class=\"has-small-font-size\" id=\"bgltj\"><em>Sar\u0131yer Design x Karaca\u00a0<\/em><\/p>\n\n\n\n<p id=\"e63u3\"><strong>Z\u0130A: Bireysel tasar\u0131mlar\u0131n\u0131z\u0131n yan\u0131 s\u0131ra, Aziz ve Derin Sar\u0131yer olarak \u201cSar\u0131yer Design\u201d yolculu\u011funuza devam ediyorsunuz. Sar\u0131yer Design neler yapmak istiyor?<\/strong><\/p>\n\n\n\n<p id=\"70ahs\"><strong>Sar\u0131yer Design:<\/strong><br>Sar\u0131yer Design tamamen tasar\u0131m odakl\u0131 bir olu\u015fumumuz. Serbest bir tasar\u0131m ofisi olarak \u00fcr\u00fcn tasar\u0131m\u0131 ve markalara tasar\u0131m dan\u0131\u015fmanl\u0131\u011f\u0131na dair i\u015fler yapan bir ofis. Bug\u00fcne kadarki \u00e7al\u0131\u015fma hayat\u0131m\u0131z\u0131n bizde olu\u015fturdu\u011fu birikimi \u00fcretimden ziyade fikirler olarak yans\u0131tma d\u00f6nemimize giri\u015fimizi temsil ediyor Sar\u0131yer Design.<\/p>\n\n\n\n<p class=\"has-small-font-size\" id=\"98ncd\"><a href=\"https:\/\/www.instagram.com\/sariyerdesign\/\" rel=\"noreferrer noopener\" target=\"_blank\"><u>@sariyerdesign<\/u><\/a><\/p>\n\n\n\n<p id=\"fkbuo\"><strong>Z\u0130A: Son olarak, gen\u00e7 tasar\u0131mc\u0131lara tavsiyeleriniz neler?<\/strong><\/p>\n\n\n\n<p id=\"cbf2u\"><strong>Aziz Sar\u0131yer:<\/strong><br>Tasar\u0131mc\u0131 namzeti ilk \u00f6nce kendini tasarlayabilmesi gerekir. Kendi d\u00fcnya felsefesini geli\u015ftirmi\u015f, konusunda gelmi\u015f ge\u00e7mi\u015f her t\u00fcrl\u00fc bilgiye ula\u015fm\u0131\u015f olmal\u0131. Tariflerini kendi parmak izi gibi ortaya koyabilmeli. Meslekte bran\u015fla\u015fmal\u0131 ki o yolda y\u00fckselebilsin.<\/p>\n\n\n\n<p id=\"cho35\"><strong>Derin Sar\u0131yer:<\/strong><br>Bu alanda \u00e7al\u0131\u015fan gen\u00e7ler veya olmak isteyenler mutlaka ge\u00e7mi\u015fi bilmeli. 20\u2019inci y\u00fczy\u0131ldaki k\u00fclliyat\u0131 bilmeliler. \u00c7ok okuyup, ara\u015ft\u0131rmal\u0131lar. Her \u015fey gibi bu i\u015f de evrim ge\u00e7iriyor. Bir g\u00f6nderme yapacaksan ya da yapmayacaksan bunu bilmelisin. Genelde g\u00f6rd\u00fc\u011f\u00fcm bu eksiklik var.<\/p>\n","protected":false},"excerpt":{"rendered":"<p>D\u00fcnya tasar\u0131m arenas\u0131n\u0131n \u00f6nc\u00fc isimleri Aziz Sar\u0131yer ve Derin Sar\u0131yer ile mobilya tasar\u0131m\u0131, yarat\u0131c\u0131 s\u00fcre\u00e7ler ve tasar\u0131m\u0131n birle\u015ftirici g\u00fcc\u00fcn\u00fc ke\u015ffedin.<\/p>\n","protected":false},"author":2,"featured_media":3137,"comment_status":"open","ping_status":"open","sticky":false,"template":"","format":"standard","meta":{"_uag_custom_page_level_css":"","footnotes":""},"categories":[77],"tags":[159,160,161,110],"class_list":["post-3128","post","type-post","status-publish","format-standard","has-post-thumbnail","hentry","category-kultur-sanat","tag-azizsariyer","tag-derinsariyer","tag-sariyerdesign","tag-tasarim"],"blocksy_meta":[],"uagb_featured_image_src":{"full":["https:\/\/zerriniremakbay.com\/wp-content\/uploads\/2023\/10\/1200x900-15.png",1200,900,false],"thumbnail":["https:\/\/zerriniremakbay.com\/wp-content\/uploads\/2023\/10\/1200x900-15-150x150.png",150,150,true],"medium":["https:\/\/zerriniremakbay.com\/wp-content\/uploads\/2023\/10\/1200x900-15-300x225.png",300,225,true],"medium_large":["https:\/\/zerriniremakbay.com\/wp-content\/uploads\/2023\/10\/1200x900-15-768x576.png",768,576,true],"large":["https:\/\/zerriniremakbay.com\/wp-content\/uploads\/2023\/10\/1200x900-15-1024x768.png",1024,768,true],"1536x1536":["https:\/\/zerriniremakbay.com\/wp-content\/uploads\/2023\/10\/1200x900-15.png",1200,900,false],"2048x2048":["https:\/\/zerriniremakbay.com\/wp-content\/uploads\/2023\/10\/1200x900-15.png",1200,900,false]},"uagb_author_info":{"display_name":"Zerrin \u0130rem AKBAY","author_link":"https:\/\/zerriniremakbay.com\/?author=2"},"uagb_comment_info":0,"uagb_excerpt":"D\u00fcnya tasar\u0131m arenas\u0131n\u0131n \u00f6nc\u00fc isimleri Aziz Sar\u0131yer ve Derin Sar\u0131yer ile mobilya tasar\u0131m\u0131, yarat\u0131c\u0131 s\u00fcre\u00e7ler ve tasar\u0131m\u0131n birle\u015ftirici g\u00fcc\u00fcn\u00fc ke\u015ffedin.","_links":{"self":[{"href":"https:\/\/zerriniremakbay.com\/index.php?rest_route=\/wp\/v2\/posts\/3128","targetHints":{"allow":["GET"]}}],"collection":[{"href":"https:\/\/zerriniremakbay.com\/index.php?rest_route=\/wp\/v2\/posts"}],"about":[{"href":"https:\/\/zerriniremakbay.com\/index.php?rest_route=\/wp\/v2\/types\/post"}],"author":[{"embeddable":true,"href":"https:\/\/zerriniremakbay.com\/index.php?rest_route=\/wp\/v2\/users\/2"}],"replies":[{"embeddable":true,"href":"https:\/\/zerriniremakbay.com\/index.php?rest_route=%2Fwp%2Fv2%2Fcomments&post=3128"}],"version-history":[{"count":4,"href":"https:\/\/zerriniremakbay.com\/index.php?rest_route=\/wp\/v2\/posts\/3128\/revisions"}],"predecessor-version":[{"id":3379,"href":"https:\/\/zerriniremakbay.com\/index.php?rest_route=\/wp\/v2\/posts\/3128\/revisions\/3379"}],"wp:featuredmedia":[{"embeddable":true,"href":"https:\/\/zerriniremakbay.com\/index.php?rest_route=\/wp\/v2\/media\/3137"}],"wp:attachment":[{"href":"https:\/\/zerriniremakbay.com\/index.php?rest_route=%2Fwp%2Fv2%2Fmedia&parent=3128"}],"wp:term":[{"taxonomy":"category","embeddable":true,"href":"https:\/\/zerriniremakbay.com\/index.php?rest_route=%2Fwp%2Fv2%2Fcategories&post=3128"},{"taxonomy":"post_tag","embeddable":true,"href":"https:\/\/zerriniremakbay.com\/index.php?rest_route=%2Fwp%2Fv2%2Ftags&post=3128"}],"curies":[{"name":"wp","href":"https:\/\/api.w.org\/{rel}","templated":true}]}}