{"id":3093,"date":"2025-02-01T10:00:00","date_gmt":"2025-02-01T10:00:00","guid":{"rendered":"https:\/\/zerriniremakbay.com\/?p=3093"},"modified":"2026-01-28T22:28:11","modified_gmt":"2026-01-28T22:28:11","slug":"aski-hissettiren-sanat-eserleri","status":"publish","type":"post","link":"https:\/\/zerriniremakbay.com\/?p=3093","title":{"rendered":"A\u015fk\u0131 Hissettiren Sanat Eserleri"},"content":{"rendered":"\n<p id=\"yrhaa137\">Sanat, insan ruhunun en derin duygular\u0131n\u0131 d\u0131\u015fa vuran en g\u00fc\u00e7l\u00fc simgelerden biri. \u00d6zellikle a\u015fk, y\u00fczy\u0131llar boyunca pek \u00e7ok sanat\u00e7\u0131y\u0131 etkilemi\u015f ve onlar\u0131n eserlerinde hayat bulmu\u015f bir tema olarak kar\u015f\u0131m\u0131za \u00e7\u0131k\u0131yor. A\u015fk\u0131n ifadesinin farkl\u0131 bi\u00e7imlerini baz\u0131 sanat eserleri \u00fczerinde yorumlayal\u0131m\u2026<\/p>\n\n\n\n<figure class=\"wp-block-image size-full\"><img loading=\"lazy\" decoding=\"async\" width=\"622\" height=\"640\" src=\"https:\/\/zerriniremakbay.com\/wp-content\/uploads\/2025\/02\/Frida-Kahlo-The-Two-Fridas.jpeg\" alt=\"\" class=\"wp-image-3095\" srcset=\"https:\/\/zerriniremakbay.com\/wp-content\/uploads\/2025\/02\/Frida-Kahlo-The-Two-Fridas.jpeg 622w, https:\/\/zerriniremakbay.com\/wp-content\/uploads\/2025\/02\/Frida-Kahlo-The-Two-Fridas-292x300.jpeg 292w\" sizes=\"auto, (max-width: 622px) 100vw, 622px\" \/><\/figure>\n\n\n\n<blockquote class=\"wp-block-quote is-layout-flow wp-block-quote-is-layout-flow\">\n<p class=\"has-small-font-size\"><em>Frida Kahlo -The Two Fridas (\u0130ki Frida) (1939) Sergilendi\u011fi Yer: Museo de Arte Moderno, Meksika<\/em><\/p>\n<\/blockquote>\n\n\n\n<p id=\"tjs1d142\"><strong>Frida Kahlo &#8211; The Two Fridas (1939)<\/strong><br>Frida Kahlo, ikili bir otoportresi olan\u00a0<em>The Two Fridas<\/em>\u00a0tablosunu 1939\u2019da Diego\u2019dan bo\u015fand\u0131\u011f\u0131 zaman yapm\u0131\u015ft\u0131r. Frida\u2019n\u0131n kendi i\u00e7sel \u00e7at\u0131\u015fmalar\u0131n\u0131 ve duygusal ac\u0131lar\u0131n\u0131 d\u0131\u015fa vurmas\u0131yla iki farkl\u0131 ruh halini yans\u0131tan eserde, birbirinin elini tutan iki Frida&#8217;dan biri Tehuana k\u0131yafeti i\u00e7inde di\u011feri ise daha modern bir elbise giymektedir. \u0130ki fig\u00fcrde de kalpler g\u00f6r\u00fcn\u00fcr durumdad\u0131r. Geleneksel k\u0131yafetli Frida&#8217;n\u0131n kalbi yaral\u0131 ve a\u00e7\u0131kt\u0131r, modern giyimli Frida&#8217;n\u0131n kalbi ise sa\u011flamd\u0131r. F\u0131rt\u0131nal\u0131 bir g\u00f6ky\u00fcz\u00fc alt\u0131nda, soldaki Frida elinde makasla kabinden gelen atardamar\u0131 keserken, sa\u011f tarafta elinde, i\u00e7inde Diego\u2019nun resminin oldu\u011fu k\u00fc\u00e7\u00fck bir madalyon tutuyor. Eser, a\u015fk\u0131n hem y\u0131k\u0131c\u0131 hem de iyile\u015ftirici y\u00f6nlerini yans\u0131t\u0131yor.<\/p>\n\n\n\n<figure class=\"wp-block-image size-large\"><img loading=\"lazy\" decoding=\"async\" width=\"674\" height=\"1024\" src=\"https:\/\/zerriniremakbay.com\/wp-content\/uploads\/2025\/02\/Gustav-Klimt-The-Kiss-674x1024.jpeg\" alt=\"\" class=\"wp-image-3096\" srcset=\"https:\/\/zerriniremakbay.com\/wp-content\/uploads\/2025\/02\/Gustav-Klimt-The-Kiss-674x1024.jpeg 674w, https:\/\/zerriniremakbay.com\/wp-content\/uploads\/2025\/02\/Gustav-Klimt-The-Kiss-197x300.jpeg 197w, https:\/\/zerriniremakbay.com\/wp-content\/uploads\/2025\/02\/Gustav-Klimt-The-Kiss-768x1167.jpeg 768w, https:\/\/zerriniremakbay.com\/wp-content\/uploads\/2025\/02\/Gustav-Klimt-The-Kiss.jpeg 794w\" sizes=\"auto, (max-width: 674px) 100vw, 674px\" \/><\/figure>\n\n\n\n<blockquote class=\"wp-block-quote is-layout-flow wp-block-quote-is-layout-flow\">\n<p class=\"has-small-font-size\" id=\"bg1f91426\"><em>Gustav Klimt &#8211; The Kiss (\u00d6p\u00fcc\u00fck) (1907 &#8211; 1908) Sergilendi\u011fi Yer: Belvedere Galerisi, Avusturya<\/em><\/p>\n<\/blockquote>\n\n\n\n<p id=\"dg6uc149\"><strong>Gustav Klimt &#8211; The Kiss (1907 &#8211; 1908)<\/strong><br>Gustav Klimt\u2019in en ikonik eserlerinden biri olan\u00a0<em>The Kiss<\/em>, a\u015fk\u0131n tutkusunu ve yo\u011funlu\u011funu simgesel bir \u015fekilde resmetmi\u015ftir. Avusturyal\u0131 sembolist ressam, bu tabloyu Alt\u0131n D\u00f6nemi\u2019nin bir par\u00e7as\u0131 olarak yaratm\u0131\u015f ve zengin s\u00fcslemeleriyle izleyiciyi derin duygularla ba\u015fba\u015fa b\u0131rakm\u0131\u015ft\u0131r.<\/p>\n\n\n\n<figure class=\"wp-block-image size-full\"><img loading=\"lazy\" decoding=\"async\" width=\"800\" height=\"642\" src=\"https:\/\/zerriniremakbay.com\/wp-content\/uploads\/2025\/02\/Marc-Chagall-The-Birthday-1.jpeg\" alt=\"\" class=\"wp-image-3100\" srcset=\"https:\/\/zerriniremakbay.com\/wp-content\/uploads\/2025\/02\/Marc-Chagall-The-Birthday-1.jpeg 800w, https:\/\/zerriniremakbay.com\/wp-content\/uploads\/2025\/02\/Marc-Chagall-The-Birthday-1-300x241.jpeg 300w, https:\/\/zerriniremakbay.com\/wp-content\/uploads\/2025\/02\/Marc-Chagall-The-Birthday-1-768x616.jpeg 768w\" sizes=\"auto, (max-width: 800px) 100vw, 800px\" \/><\/figure>\n\n\n\n<blockquote class=\"wp-block-quote is-layout-flow wp-block-quote-is-layout-flow\">\n<p class=\"has-small-font-size\" id=\"fiyte6389\"><em>Marc Chagall -The Birthday (Do\u011fum G\u00fcn\u00fc) (1915) Sergilendi\u011fi Yer: Museum of Modern Art (MoMA), New York<\/em><\/p>\n<\/blockquote>\n\n\n\n<p id=\"8hy54156\"><strong>Marc Chagall &#8211; The Birthday (1915)<\/strong><br>Marc Chagall\u2019\u0131n\u00a0<em>The Birthday<\/em>\u00a0eseri, e\u015fi Bella Rosendeld\u2019in 28. Ya\u015f g\u00fcn\u00fcn\u00fc kutlamak i\u00e7in a\u015fk\u0131n ne\u015fesini resmeden bir tablodur. Eserde Chagall\u2019\u0131n \u00f6p\u00fcc\u00fc\u011f\u00fc ile birlikte \u00e7i\u00e7ek hediye etti\u011fi e\u015fi Bella\u2019n\u0131n mutlulu\u011fu, havada s\u00fcz\u00fclen fig\u00fcrlerin haliyle, a\u015fk\u0131n ayaklar\u0131 yerden kesti\u011fi bir an\u0131 temsil ediyor. Ayr\u0131ca sevdan\u0131n \u00f6zg\u00fcrl\u00fc\u011f\u00fcne ve s\u0131n\u0131rs\u0131zl\u0131\u011f\u0131na da \u0131\u015f\u0131k tutuyor.<\/p>\n\n\n\n<figure class=\"wp-block-image size-large\"><img loading=\"lazy\" decoding=\"async\" width=\"670\" height=\"1024\" src=\"https:\/\/zerriniremakbay.com\/wp-content\/uploads\/2025\/02\/John-William-Waterhouse-The-Soul-of-The-Rose-1-670x1024.jpeg\" alt=\"\" class=\"wp-image-3101\" srcset=\"https:\/\/zerriniremakbay.com\/wp-content\/uploads\/2025\/02\/John-William-Waterhouse-The-Soul-of-The-Rose-1-670x1024.jpeg 670w, https:\/\/zerriniremakbay.com\/wp-content\/uploads\/2025\/02\/John-William-Waterhouse-The-Soul-of-The-Rose-1-196x300.jpeg 196w, https:\/\/zerriniremakbay.com\/wp-content\/uploads\/2025\/02\/John-William-Waterhouse-The-Soul-of-The-Rose-1-768x1174.jpeg 768w, https:\/\/zerriniremakbay.com\/wp-content\/uploads\/2025\/02\/John-William-Waterhouse-The-Soul-of-The-Rose-1-1005x1536.jpeg 1005w, https:\/\/zerriniremakbay.com\/wp-content\/uploads\/2025\/02\/John-William-Waterhouse-The-Soul-of-The-Rose-1.jpeg 1200w\" sizes=\"auto, (max-width: 670px) 100vw, 670px\" \/><\/figure>\n\n\n\n<blockquote class=\"wp-block-quote is-layout-flow wp-block-quote-is-layout-flow\">\n<p class=\"has-small-font-size\" id=\"eanus9178\"><em>John William Waterhouse -The Soul of The Rose (G\u00fcl\u00fcn Ruhu) (1908)\u00a0<\/em><\/p>\n<\/blockquote>\n\n\n\n<p id=\"bixzy163\">J<strong>John William Waterhouse &#8211; The Soul of the Rose (1908)<\/strong><br>ohn William Waterhouse\u2019un\u00a0<em>The Soul of the Rose<\/em>\u00a0adl\u0131 tablosu, Viktorya d\u00f6nemi \u0130ngilteresi\u2019nin romantik ve estetik anlay\u0131\u015f\u0131n\u0131 yans\u0131tarak, bir kad\u0131n\u0131n do\u011fan\u0131n i\u00e7inde, bir g\u00fcl\u00fc koklamas\u0131n\u0131 resmeder. Derin huzur ve arzuya dair anlamlar\u0131n oldu\u011fu bu eserde a\u015fk, do\u011fan\u0131n ve insan\u0131n i\u00e7 i\u00e7e ge\u00e7ti\u011fi duygusal bir deneyim olarak kar\u015f\u0131m\u0131za \u00e7\u0131kar. Waterhouse\u2019un tablolar\u0131 genelde a\u015fk\u0131n safl\u0131\u011f\u0131n\u0131 ve idealize edilmi\u015f halleriyle tan\u0131n\u0131r.<\/p>\n","protected":false},"excerpt":{"rendered":"<p>Sanat eserlerinde a\u015fk\u0131n izini s\u00fcr\u00fcyoruz. Frida Kahlo\u2019dan Klimt\u2019e, Chagall\u2019dan Waterhouse\u2019a uzanan bu se\u00e7kide a\u015fk\u0131n y\u0131k\u0131c\u0131, iyile\u015ftirici ve \u015fiirsel anlat\u0131mlar\u0131n\u0131 inceliyoruz.<\/p>\n","protected":false},"author":1,"featured_media":3103,"comment_status":"open","ping_status":"open","sticky":false,"template":"","format":"standard","meta":{"_uag_custom_page_level_css":"","footnotes":""},"categories":[77],"tags":[125,154,152,153,113,151,155,84,85],"class_list":["post-3093","post","type-post","status-publish","format-standard","has-post-thumbnail","hentry","category-kultur-sanat","tag-ask","tag-chagall","tag-fridakahlo","tag-klimt","tag-sanat","tag-sanateseri","tag-waterhouse","tag-ziaonline","tag-ziaonlinedergi"],"blocksy_meta":[],"uagb_featured_image_src":{"full":["https:\/\/zerriniremakbay.com\/wp-content\/uploads\/2025\/02\/1200x900-13.png",1200,900,false],"thumbnail":["https:\/\/zerriniremakbay.com\/wp-content\/uploads\/2025\/02\/1200x900-13-150x150.png",150,150,true],"medium":["https:\/\/zerriniremakbay.com\/wp-content\/uploads\/2025\/02\/1200x900-13-300x225.png",300,225,true],"medium_large":["https:\/\/zerriniremakbay.com\/wp-content\/uploads\/2025\/02\/1200x900-13-768x576.png",768,576,true],"large":["https:\/\/zerriniremakbay.com\/wp-content\/uploads\/2025\/02\/1200x900-13-1024x768.png",1024,768,true],"1536x1536":["https:\/\/zerriniremakbay.com\/wp-content\/uploads\/2025\/02\/1200x900-13.png",1200,900,false],"2048x2048":["https:\/\/zerriniremakbay.com\/wp-content\/uploads\/2025\/02\/1200x900-13.png",1200,900,false]},"uagb_author_info":{"display_name":"Z\u0130A ONLINE","author_link":"https:\/\/zerriniremakbay.com\/?author=1"},"uagb_comment_info":0,"uagb_excerpt":"Sanat eserlerinde a\u015fk\u0131n izini s\u00fcr\u00fcyoruz. Frida Kahlo\u2019dan Klimt\u2019e, Chagall\u2019dan Waterhouse\u2019a uzanan bu se\u00e7kide a\u015fk\u0131n y\u0131k\u0131c\u0131, iyile\u015ftirici ve \u015fiirsel anlat\u0131mlar\u0131n\u0131 inceliyoruz.","_links":{"self":[{"href":"https:\/\/zerriniremakbay.com\/index.php?rest_route=\/wp\/v2\/posts\/3093","targetHints":{"allow":["GET"]}}],"collection":[{"href":"https:\/\/zerriniremakbay.com\/index.php?rest_route=\/wp\/v2\/posts"}],"about":[{"href":"https:\/\/zerriniremakbay.com\/index.php?rest_route=\/wp\/v2\/types\/post"}],"author":[{"embeddable":true,"href":"https:\/\/zerriniremakbay.com\/index.php?rest_route=\/wp\/v2\/users\/1"}],"replies":[{"embeddable":true,"href":"https:\/\/zerriniremakbay.com\/index.php?rest_route=%2Fwp%2Fv2%2Fcomments&post=3093"}],"version-history":[{"count":3,"href":"https:\/\/zerriniremakbay.com\/index.php?rest_route=\/wp\/v2\/posts\/3093\/revisions"}],"predecessor-version":[{"id":3104,"href":"https:\/\/zerriniremakbay.com\/index.php?rest_route=\/wp\/v2\/posts\/3093\/revisions\/3104"}],"wp:featuredmedia":[{"embeddable":true,"href":"https:\/\/zerriniremakbay.com\/index.php?rest_route=\/wp\/v2\/media\/3103"}],"wp:attachment":[{"href":"https:\/\/zerriniremakbay.com\/index.php?rest_route=%2Fwp%2Fv2%2Fmedia&parent=3093"}],"wp:term":[{"taxonomy":"category","embeddable":true,"href":"https:\/\/zerriniremakbay.com\/index.php?rest_route=%2Fwp%2Fv2%2Fcategories&post=3093"},{"taxonomy":"post_tag","embeddable":true,"href":"https:\/\/zerriniremakbay.com\/index.php?rest_route=%2Fwp%2Fv2%2Ftags&post=3093"}],"curies":[{"name":"wp","href":"https:\/\/api.w.org\/{rel}","templated":true}]}}