{"id":2998,"date":"2025-02-01T10:00:00","date_gmt":"2025-02-01T10:00:00","guid":{"rendered":"https:\/\/zerriniremakbay.com\/?p=2998"},"modified":"2026-02-01T20:54:53","modified_gmt":"2026-02-01T20:54:53","slug":"bir-piyanistin-perspektifi-roportaj-burcu-arpacioglu","status":"publish","type":"post","link":"https:\/\/zerriniremakbay.com\/?p=2998","title":{"rendered":"Bir Piyanistin Perspektifi: Odakta: Burcu Arpac\u0131o\u011flu\u00a0"},"content":{"rendered":"\n<p class=\"has-medium-font-size\" id=\"azknp22805\"><strong><em>Opera Latte\u2019nin y\u0131ld\u0131zlar\u0131ndan Piyanist \/ Piyano \u00d6\u011fretmeni Burcu Arpac\u0131o\u011flu ile m\u00fczi\u011fin b\u00fcy\u00fcleyici yolculu\u011funa dair keyifli bir s\u00f6yle\u015fi ger\u00e7ekle\u015ftirdik.&nbsp;<\/em><\/strong><\/p>\n\n\n\n<p id=\"4xkrg22808\"><strong>Burcu Arpac\u0131o\u011flu kimdir? Bize biraz kendinizden bahseder misin?<\/strong><\/p>\n\n\n\n<p id=\"q9lxu22810\">Anneannemin babas\u0131 olan b\u00fcy\u00fck dedem Halit Recep Arman\u2019dan ba\u015flayarak, her neslinde okullu veya alayl\u0131 m\u00fczisyenler olan bir aileden geliyorum. Kendisi T\u00fcrk bandosunun kurucular\u0131ndan, say\u0131s\u0131z mar\u015f ve farkl\u0131 t\u00fcrlerde de m\u00fczikler bestelemi\u015f, hatta Afganistan milli mar\u015f\u0131n\u0131 yazm\u0131\u015f bir besteci ve fl\u00fct sanat\u00e7\u0131s\u0131. Ailede bildi\u011fimiz kadar\u0131yla onunla ba\u015flayan m\u00fczisyenlik, \u00e7ocuklar\u0131,torunlar\u0131 ve torun \u00e7ocuklar\u0131yla devam etmi\u015f. Bana en yak\u0131n olarak, anneannem harika bir sese ve m\u00fczik kula\u011f\u0131na sahipti, \u00e7ok g\u00fczel \u015fark\u0131 s\u00f6ylerdi. Babam (ki,annemle teyze \u00e7ocuklar\u0131 olduklar\u0131ndan ayn\u0131 ailenin torunlar\u0131 oluyorlar), do\u011fa\u00e7lama olarak harika piyano ve akordeon \u00e7alard\u0131. Eline enstr\u00fcman\u0131n\u0131 ald\u0131\u011f\u0131nda saatlerce devam edebilirdi. Benim ku\u015fa\u011f\u0131mda ise iki kuzenim arp ve klarnet dallar\u0131nda akademisyen olarak \u00e7al\u0131\u015fmaya devam ediyorlar. Beni ilkokulla birlikte yar\u0131 zamanl\u0131 e\u011fitimiyle konservatuvara vermelerinin bir sebebi de, o kuzenlerimin de konservatuvarda okuyor olmalar\u0131.<br>\u0130lkokul 3. s\u0131n\u0131fla birlikte Mimar Sinan G\u00fczel Sanatlar \u00dcniversitesi \u0130stanbul Devlet Konservatuvar\u0131\u2019nda yar\u0131 zamanl\u0131 piyano b\u00f6l\u00fcm\u00fcne girdim. Orta okulda tam zamanl\u0131 e\u011fitime ge\u00e7erek, lise ve \u00fcniversite boyunca konservatuvarda okudum. \u00dcniversite y\u0131llar\u0131mda \u00f6zel ders vererek piyano \u00f6\u011fretmenli\u011fi yapmaya da ba\u015flad\u0131m ve bunu \u00e7ok sevdi\u011fimi fark ettim. Okuldan sonra da kariyer olarak hep \u00f6\u011fretmenli\u011fe y\u00f6neldim. Yine okulda da ald\u0131\u011f\u0131m\u0131z e\u011fitimler s\u0131ras\u0131nda, piyanist olarak solistlikten \u00e7ok, oda m\u00fczi\u011fi gruplar\u0131nda yer almak ve korrepetisyon dallar\u0131ndan keyif ald\u0131\u011f\u0131m\u0131 fark ettim ve buna da y\u00f6nelmeye \u00e7al\u0131\u015ft\u0131m. \u015eu anda \u00f6\u011fretmen olarak 25 y\u0131la gelen bir ge\u00e7mi\u015fim var ve 2018 y\u0131l\u0131ndan beri de soprano Ekin Naz Kaptan ile kurdu\u011fumuz Opera Latte\u2019nin piyanistli\u011fini yapmaktay\u0131m.<\/p>\n\n\n\n<figure class=\"wp-block-image size-large is-resized\"><img loading=\"lazy\" decoding=\"async\" width=\"819\" height=\"1024\" src=\"https:\/\/zerriniremakbay.com\/wp-content\/uploads\/2025\/02\/Burcu-Arpacioglu-819x1024.jpeg\" alt=\"\" class=\"wp-image-3005\" style=\"aspect-ratio:0.7998097338435926;width:465px;height:auto\" srcset=\"https:\/\/zerriniremakbay.com\/wp-content\/uploads\/2025\/02\/Burcu-Arpacioglu-819x1024.jpeg 819w, https:\/\/zerriniremakbay.com\/wp-content\/uploads\/2025\/02\/Burcu-Arpacioglu-240x300.jpeg 240w, https:\/\/zerriniremakbay.com\/wp-content\/uploads\/2025\/02\/Burcu-Arpacioglu-768x960.jpeg 768w, https:\/\/zerriniremakbay.com\/wp-content\/uploads\/2025\/02\/Burcu-Arpacioglu.jpeg 1080w\" sizes=\"auto, (max-width: 819px) 100vw, 819px\" \/><\/figure>\n\n\n\n<blockquote class=\"wp-block-quote is-layout-flow wp-block-quote-is-layout-flow\">\n<p class=\"has-small-font-size\"><strong><em>Burcu Arpac\u0131o\u011flu<\/em><\/strong><\/p>\n<\/blockquote>\n\n\n\n<p id=\"4i0be22819\"><strong>Piyanonun ba\u015f\u0131na ge\u00e7ti\u011finizde nas\u0131l bir hisse b\u00fcr\u00fcn\u00fcyorsunuz i\u00e7inizdeki o etkiyi tan\u0131mlaman\u0131z\u0131 istesem neler s\u00f6ylersiniz? Nas\u0131l bir his?<\/strong><\/p>\n\n\n\n<p id=\"hea6r22821\">Piyanonun ba\u015f\u0131na ge\u00e7mek,her\u015feyden \u00f6nce tan\u0131d\u0131k bir yere d\u00f6nmek gibi. Ama yeni bir eseri \u00e7al\u0131\u015fmaya ba\u015flayaca\u011f\u0131m zamanda da insan\u0131n midesinde kelebekler u\u00e7uran bir hissi var. Notay\u0131 \u00f6n\u00fcme koydu\u011fumda, i\u00e7ine \u015f\u00f6yle bir g\u00f6z gezdirdi\u011fimde, akl\u0131mdan ge\u00e7enler genelde; \u2018h\u0131mmmm,bakal\u0131m bunun alt\u0131ndan neler \u00e7\u0131kacak?\u2019 tarz\u0131nda oluyor. \u00c7\u00fcnk\u00fc bir notay\u0131 hen\u00fcz \u00e7almadan okudu\u011funuzda ve sonra \u00e7almaya ba\u015flad\u0131\u011f\u0131n\u0131zda i\u00e7inden katman katman farkl\u0131l\u0131klar \u00e7\u0131kar. Evet, \u00f6n\u00fcm\u00fczdeki notay\u0131 \u00e7alar\u0131z ama asla tek boyutlu bir \u015fey de\u011fildir bir eseri \u00e7almak, \u00e7al\u0131\u015fmak.<\/p>\n\n\n\n<p id=\"2hhyw22827\"><strong>Piyano \u00e7almaya ilk ba\u015flad\u0131\u011f\u0131n\u0131z y\u0131llarda sizi en \u00e7ok etkileyen eser hangisiydi?<\/strong><\/p>\n\n\n\n<p id=\"5db5022829\">Buna tek bir eser de\u011fil de, m\u00fczikteki bir d\u00f6nem olarak cevap vermem daha do\u011fru olur. \u00c7almaktan en keyif ald\u0131\u011f\u0131m eserler hep Barok d\u00f6nem eserleri olmu\u015ftur. Tabii, Barok dedi\u011fimde de kast etti\u011fim besteci Bach olacakt\u0131r. \u00d6\u011frenci olarak \u00e7al\u0131nabilecek en k\u00fc\u00e7\u00fck eserlerinden kon\u00e7ertolar\u0131na, s\u00fcitlerine var\u0131ncaya dek en etkilendi\u011fim besteci Bach diyebilirim.<\/p>\n\n\n\n<p id=\"9runn22832\"><strong>Piyanist olmak i\u00e7in teknik mi duygu mu yoksa her ikisi de mi olmal\u0131?<\/strong><\/p>\n\n\n\n<p id=\"lhl6e22834\">Kesinlikle teknik ve duygunun ikisinin de olmas\u0131 gerekiyor. Bir enstr\u00fcmanda teknik, \u00f6ncelikle elimizdeki \u00e7alg\u0131dan t\u00fcm kapasitesiyle yararlanabilmemizi sa\u011fl\u0131yor. Yanl\u0131\u015f bir teknik bir yerden sonra \u00e7ok fena \u00f6n\u00fcm\u00fcz\u00fc t\u0131kayacakt\u0131r. Duygu ise; yorumculuk dedi\u011fimiz, kendimize has baz\u0131 dokunu\u015flarla eseri dinleyiciye ula\u015ft\u0131rmam\u0131z\u0131 sa\u011fl\u0131yor. Tabii ki her eserin \u00e7al\u0131nmas\u0131 gereken belli bir tarz\u0131 var ama tekni\u011finiz m\u00fckemmel de olsa, i\u00e7indeki duyguyu ortaya \u00e7\u0131kartamazsak sadece do\u011fru tu\u015flara basan bir piyanist kal\u0131yor ortada.<\/p>\n\n\n\n<p id=\"pmqvk22839\"><strong>\u0130lk sahne deneyiminiz nas\u0131ld\u0131? O an ne hissettiniz? Her seferinde ayn\u0131 hisler oluyor mu?<\/strong><\/p>\n\n\n\n<p id=\"f1mjg22841\">\u0130lk sahne deneyimim okul i\u00e7i konserlerle&nbsp;oldu ve tabii ki hissetti\u011fim \u015fey, \u00e7ok\u00e7a heyecan. \u0130nsan sahneye \u00e7\u0131kt\u0131k\u00e7a tabii ki o heyecana hakim olmay\u0131, onunla yol almay\u0131 \u00f6\u011frenmeye ba\u015fl\u0131yor. Bir g\u00fcn heyecan bitiyor mu? Bence hay\u0131r \ud83d\ude42 Ama heyecan tek ba\u015f\u0131na olan bir\u015fey de\u011fil sahnede. \u0130\u00e7inde her \u015feyden \u00f6nce keyif var, mutluluk var. Sevdi\u011fimiz bir \u015feyi yap\u0131yor olman\u0131n getirdi\u011fi bir his var. O y\u00fczden bu g\u00fczel heyecan\u0131n kaybolmas\u0131n\u0131 hi\u00e7 istemem.<\/p>\n\n\n\n<p id=\"vrcnx22846\"><strong>M\u00fczi\u011fin insanlar\u0131 nas\u0131l etkiledi\u011fini d\u00fc\u015f\u00fcn\u00fcyorsunuz? Bir piyanist olarak bu konudaki g\u00f6r\u00fc\u015flerinizi merak ediyorum.<\/strong><\/p>\n\n\n\n<p id=\"dsbx822848\">M\u00fczik hayat\u0131m\u0131z\u0131n her an\u0131nda ba\u015f k\u00f6\u015fede. Bazen \u00f6zellikle m\u00fczisyen olmayan ki\u015filerin, etraflar\u0131ndaki m\u00fczi\u011fi fark etmediklerini g\u00f6r\u00fcyorum. Belki de biz m\u00fczisyenlerin, m\u00fczi\u011fi sadece sakince oturup dinleyemememizden ileri gelen bir \u015fey bu. Ama kulak verdi\u011finizde m\u00fczik sizi her \u015feyiyle i\u00e7ine al\u0131r ve yaln\u0131zca e\u011flendirmez de. Sizi iyile\u015ftirir, bir bak\u0131ma tedavi de eder bence. Klasik m\u00fczi\u011fin teorisini de e\u011fer biraz biliyorsan\u0131z, o kadar katmanl\u0131 bir\u015feydir ki, i\u00e7indeki matemati\u011fi ke\u015ffettik\u00e7e de \u00e7ok \u015fa\u015f\u0131r\u0131rs\u0131n\u0131z. K\u0131sacas\u0131; \u201dM\u00fcziksiz bir hayat,hatad\u0131r\u2026\u201d.<\/p>\n\n\n\n<p id=\"j7c9622855\"><strong>Sizce piyano a\u015fk ve duygular\u0131 ifade etmenin en etkili yollar\u0131ndan biri mi?<\/strong><\/p>\n\n\n\n<p id=\"djlc722857\">Piyano, \u00e7alg\u0131sal kapasitesi sayesinde t\u00fcm \u00e7alg\u0131lar\u0131n s\u0131n\u0131rlar\u0131n\u0131 i\u00e7ine alabilen bir enstr\u00fcman. Tabii ki farkl\u0131 \u00e7alg\u0131lar\u0131n ses renkleri ayr\u0131 bir konu ama, piyano i\u00e7ine ald\u0131\u011f\u0131 bu kocaman d\u00fcnyayla istedi\u011finiz her duyguyu \u00e7ok iyi yans\u0131tabilece\u011finiz bir \u00e7alg\u0131. \u00d6zellikle a\u015fk veya romantik, melankolik duygulardan bahsedersek, Chopin\u2019in Nocturne\u2019lerinde mesela inan\u0131lmaz bir duygu aktar\u0131m\u0131 bulabilirsiniz.<\/p>\n\n\n\n<p id=\"bf57w22861\"><strong>Son olarak, 14 \u015eubat i\u00e7in piyano repertuar\u0131n\u0131zdan en romantik buldu\u011funuz 3 eseri bizimle payla\u015f\u0131r m\u0131s\u0131n\u0131z?<\/strong><\/p>\n\n\n\n<p id=\"a78y422863\">Piyanoda en romantik eserler deyince ilk akl\u0131ma gelen yine Chopin oluyor do\u011frusu. \u00d6zellikle Nocturne\u2019lerinin yeri bence apayr\u0131. 2. olarak; \u00c7aykovski\u2019nin The Seasons adl\u0131 eserinden June ve October beni hep \u00e7ok etkilemi\u015ftir. 3. eser de Debussy\u2019nin Clair de Lune eseridir benim i\u00e7in.<\/p>\n\n\n\n<p id=\"fw09a22870\"><strong>Eklemek istedikleriniz,<\/strong><\/p>\n\n\n\n<p id=\"p012y22872\">Bu r\u00f6portaj ile bana kendimi anlatma, tan\u0131tma f\u0131rsat\u0131 verdi\u011finiz i\u00e7in \u00e7ok te\u015fekk\u00fcr ederim. Hayat\u0131m\u0131zda hep g\u00fczel m\u00fczikler olsun dile\u011fiyle\u2026<\/p>\n","protected":false},"excerpt":{"rendered":"<p>Opera Latte\u2019nin y\u0131ld\u0131zlar\u0131ndan Piyanist \/ Piyano \u00d6\u011fretmeni Burcu Arpac\u0131o\u011flu ile m\u00fczi\u011fin b\u00fcy\u00fcleyici yolculu\u011fu&#8230;<\/p>\n","protected":false},"author":2,"featured_media":3001,"comment_status":"open","ping_status":"open","sticky":false,"template":"","format":"standard","meta":{"_uag_custom_page_level_css":"","footnotes":""},"categories":[77],"tags":[],"class_list":["post-2998","post","type-post","status-publish","format-standard","has-post-thumbnail","hentry","category-kultur-sanat"],"blocksy_meta":[],"uagb_featured_image_src":{"full":["https:\/\/zerriniremakbay.com\/wp-content\/uploads\/2025\/02\/17.png",1200,900,false],"thumbnail":["https:\/\/zerriniremakbay.com\/wp-content\/uploads\/2025\/02\/17-150x150.png",150,150,true],"medium":["https:\/\/zerriniremakbay.com\/wp-content\/uploads\/2025\/02\/17-300x225.png",300,225,true],"medium_large":["https:\/\/zerriniremakbay.com\/wp-content\/uploads\/2025\/02\/17-768x576.png",768,576,true],"large":["https:\/\/zerriniremakbay.com\/wp-content\/uploads\/2025\/02\/17-1024x768.png",1024,768,true],"1536x1536":["https:\/\/zerriniremakbay.com\/wp-content\/uploads\/2025\/02\/17.png",1200,900,false],"2048x2048":["https:\/\/zerriniremakbay.com\/wp-content\/uploads\/2025\/02\/17.png",1200,900,false]},"uagb_author_info":{"display_name":"Zerrin \u0130rem AKBAY","author_link":"https:\/\/zerriniremakbay.com\/?author=2"},"uagb_comment_info":0,"uagb_excerpt":"Opera Latte\u2019nin y\u0131ld\u0131zlar\u0131ndan Piyanist \/ Piyano \u00d6\u011fretmeni Burcu Arpac\u0131o\u011flu ile m\u00fczi\u011fin b\u00fcy\u00fcleyici yolculu\u011fu...","_links":{"self":[{"href":"https:\/\/zerriniremakbay.com\/index.php?rest_route=\/wp\/v2\/posts\/2998","targetHints":{"allow":["GET"]}}],"collection":[{"href":"https:\/\/zerriniremakbay.com\/index.php?rest_route=\/wp\/v2\/posts"}],"about":[{"href":"https:\/\/zerriniremakbay.com\/index.php?rest_route=\/wp\/v2\/types\/post"}],"author":[{"embeddable":true,"href":"https:\/\/zerriniremakbay.com\/index.php?rest_route=\/wp\/v2\/users\/2"}],"replies":[{"embeddable":true,"href":"https:\/\/zerriniremakbay.com\/index.php?rest_route=%2Fwp%2Fv2%2Fcomments&post=2998"}],"version-history":[{"count":5,"href":"https:\/\/zerriniremakbay.com\/index.php?rest_route=\/wp\/v2\/posts\/2998\/revisions"}],"predecessor-version":[{"id":3377,"href":"https:\/\/zerriniremakbay.com\/index.php?rest_route=\/wp\/v2\/posts\/2998\/revisions\/3377"}],"wp:featuredmedia":[{"embeddable":true,"href":"https:\/\/zerriniremakbay.com\/index.php?rest_route=\/wp\/v2\/media\/3001"}],"wp:attachment":[{"href":"https:\/\/zerriniremakbay.com\/index.php?rest_route=%2Fwp%2Fv2%2Fmedia&parent=2998"}],"wp:term":[{"taxonomy":"category","embeddable":true,"href":"https:\/\/zerriniremakbay.com\/index.php?rest_route=%2Fwp%2Fv2%2Fcategories&post=2998"},{"taxonomy":"post_tag","embeddable":true,"href":"https:\/\/zerriniremakbay.com\/index.php?rest_route=%2Fwp%2Fv2%2Ftags&post=2998"}],"curies":[{"name":"wp","href":"https:\/\/api.w.org\/{rel}","templated":true}]}}