{"id":2902,"date":"2025-07-01T10:00:00","date_gmt":"2025-07-01T10:00:00","guid":{"rendered":"https:\/\/zerriniremakbay.com\/?p=2902"},"modified":"2026-01-26T21:21:29","modified_gmt":"2026-01-26T21:21:29","slug":"2902","status":"publish","type":"post","link":"https:\/\/zerriniremakbay.com\/?p=2902","title":{"rendered":"Heykeli Hareketlendiren Sanat\u00e7\u0131: Alexander Calder ve Mobil Heykelleri"},"content":{"rendered":"\n<p id=\"6mdev3949\">Modern sanat tarihinde baz\u0131 sanat\u00e7\u0131lar yaln\u0131zca eser \u00fcretmez, bak\u0131\u015f a\u00e7\u0131m\u0131z\u0131 k\u00f6kten de\u011fi\u015ftirir. Alexander Calder, heykeli dura\u011fan bir nesne olmaktan \u00e7\u0131kar\u0131p hareketle, dengeyle ve zamanla ili\u015fkilendiren en yenilik\u00e7i isimlerden biri olarak 20. y\u00fczy\u0131l sanat\u0131na damgas\u0131n\u0131 vurmu\u015ftur. Mobil heykel ve kinetik sanat kavramlar\u0131n\u0131 sanat d\u00fcnyas\u0131na kazand\u0131ran Calder, r\u00fczg\u00e2rla sal\u0131nan formlar\u0131yla izleyiciyi pasif bir seyirci olmaktan \u00e7\u0131kar\u0131r ve eserin bir par\u00e7as\u0131 h\u00e2line getirir.<\/p>\n\n\n\n<figure class=\"wp-block-image size-full is-resized\"><img loading=\"lazy\" decoding=\"async\" width=\"625\" height=\"815\" src=\"https:\/\/zerriniremakbay.com\/wp-content\/uploads\/2025\/07\/Alexander-Calder.jpeg\" alt=\"\" class=\"wp-image-2943\" style=\"width:625px;height:auto\" srcset=\"https:\/\/zerriniremakbay.com\/wp-content\/uploads\/2025\/07\/Alexander-Calder.jpeg 625w, https:\/\/zerriniremakbay.com\/wp-content\/uploads\/2025\/07\/Alexander-Calder-230x300.jpeg 230w\" sizes=\"auto, (max-width: 625px) 100vw, 625px\" \/><\/figure>\n\n\n\n<blockquote class=\"wp-block-quote is-layout-flow wp-block-quote-is-layout-flow\">\n<p class=\"has-small-font-size\"><strong><em>Alexander Calder 1898-1976<\/em><\/strong><\/p>\n<\/blockquote>\n\n\n\n<p id=\"tzsgq1097\"><strong><em>Peki Calder\u2019in mobil heykelleri nas\u0131l do\u011fdu?<\/em><\/strong><\/p>\n\n\n\n<p id=\"0i2rn1099\">Asl\u0131nda her \u015fey bir soru ile ba\u015flad\u0131. 1930\u2019lar\u0131n ba\u015f\u0131nda Paris\u2019te ge\u00e7irdi\u011fi d\u00f6nem boyunca, Piet Mondrian\u2019\u0131n geometrik tablolar\u0131ndan ilham ald\u0131 ve \u201cbu formlar neden hareket etmesin?\u201d sorusunu sordu.<\/p>\n\n\n\n<p id=\"laomq1102\">\u0130lk ba\u015fta tel ve basit malzemelerle yapt\u0131\u011f\u0131 mekanik, elle d\u00f6nd\u00fcr\u00fclen deneysel formlar, zamanla r\u00fczgarla, hava ak\u0131m\u0131yla sal\u0131nan \u00f6zg\u00fcr yap\u0131tlara d\u00f6n\u00fc\u015ft\u00fc.<\/p>\n\n\n\n<p id=\"ywxik1104\">Ayr\u0131ca bu heykellere ilk kez Marcel Duchamp <strong><em>\u201cmobil\u201d<\/em><\/strong> ad\u0131n\u0131 verdi.<\/p>\n\n\n\n<p id=\"338h61107\">Heykel tarihinde devrim niteli\u011finde bir fikir olan mobilleriyle Calder, modern sanat\u0131n dura\u011fanl\u0131kla olan ba\u011f\u0131n\u0131 da kopartarak kinetik sanat\u0131n da \u00f6nc\u00fcs\u00fc haline geldi.<\/p>\n\n\n\n<figure class=\"wp-block-image size-large is-resized\"><img loading=\"lazy\" decoding=\"async\" width=\"798\" height=\"1024\" src=\"https:\/\/zerriniremakbay.com\/wp-content\/uploads\/2025\/07\/Martigues-798x1024.jpeg\" alt=\"\" class=\"wp-image-2941\" style=\"width:798px;height:auto\" srcset=\"https:\/\/zerriniremakbay.com\/wp-content\/uploads\/2025\/07\/Martigues-798x1024.jpeg 798w, https:\/\/zerriniremakbay.com\/wp-content\/uploads\/2025\/07\/Martigues-234x300.jpeg 234w, https:\/\/zerriniremakbay.com\/wp-content\/uploads\/2025\/07\/Martigues-768x986.jpeg 768w, https:\/\/zerriniremakbay.com\/wp-content\/uploads\/2025\/07\/Martigues-1197x1536.jpeg 1197w, https:\/\/zerriniremakbay.com\/wp-content\/uploads\/2025\/07\/Martigues.jpeg 1199w\" sizes=\"auto, (max-width: 798px) 100vw, 798px\" \/><\/figure>\n\n\n\n<blockquote class=\"wp-block-quote is-layout-flow wp-block-quote-is-layout-flow\">\n<p class=\"has-small-font-size\"><em><strong>Martigues<\/strong><\/em><\/p>\n<\/blockquote>\n\n\n\n<p id=\"5du9t1110\"><strong><em>Calder\u2019in Mobil Heykellerindeki Denge ve Ahenk<\/em><\/strong><\/p>\n\n\n\n<p id=\"z1arn1112\">Calder\u2019in mobil heykellerinde, renkler, formlar, k\u00fctleler ve bo\u015fluklar aras\u0131nda hassas bir denge kurulur. Her eserinde, par\u00e7alar aras\u0131nda sessiz bir diyalog, yava\u015f ve uyumlu bir ak\u0131\u015f vard\u0131r.<\/p>\n\n\n\n<p id=\"cyssv1114\">\u0130zleyiciyi anda tutmas\u0131yla, sab\u0131rla g\u00f6zlem yapmaya ve bekledik\u00e7e de\u011fi\u015fen ahengi ke\u015ffetmeye davet eder.<\/p>\n\n\n\n<p id=\"i868e1117\">Calder\u2019in sanat\u0131 yaln\u0131zca izlenilen de\u011fil, \u00fczerine yava\u015f\u00e7a d\u00fc\u015f\u00fcn\u00fclmesi gereken, hissedilen ve de\u011fi\u015fen bir deneyime d\u00f6n\u00fc\u015ft\u00fcr\u00fclm\u00fc\u015ft\u00fcr. Bizlere hareketin i\u00e7indeki dinginli\u011fi, dengenin i\u00e7indeki ahengi g\u00f6stererek farkl\u0131 bir bak\u0131\u015f a\u00e7\u0131s\u0131 sunmu\u015ftur.<\/p>\n\n\n\n<figure class=\"wp-block-image size-large is-resized\"><img loading=\"lazy\" decoding=\"async\" width=\"1006\" height=\"1024\" src=\"https:\/\/zerriniremakbay.com\/wp-content\/uploads\/2025\/07\/Lobster-Trap-and-Fish-Tail-1006x1024.jpeg\" alt=\"\" class=\"wp-image-2944\" style=\"aspect-ratio:0.9824368657969024;width:801px;height:auto\" srcset=\"https:\/\/zerriniremakbay.com\/wp-content\/uploads\/2025\/07\/Lobster-Trap-and-Fish-Tail-1006x1024.jpeg 1006w, https:\/\/zerriniremakbay.com\/wp-content\/uploads\/2025\/07\/Lobster-Trap-and-Fish-Tail-295x300.jpeg 295w, https:\/\/zerriniremakbay.com\/wp-content\/uploads\/2025\/07\/Lobster-Trap-and-Fish-Tail-768x782.jpeg 768w, https:\/\/zerriniremakbay.com\/wp-content\/uploads\/2025\/07\/Lobster-Trap-and-Fish-Tail.jpeg 1200w\" sizes=\"auto, (max-width: 1006px) 100vw, 1006px\" \/><\/figure>\n\n\n\n<blockquote class=\"wp-block-quote is-layout-flow wp-block-quote-is-layout-flow\">\n<p class=\"has-small-font-size\"><strong>Lobster Trap and Fish Tail<\/strong><\/p>\n<\/blockquote>\n\n\n\n<p><\/p>\n","protected":false},"excerpt":{"rendered":"<p>Modern heykel sanat\u0131na y\u00f6n veren Alexander Calder&#8217;\u0131n mobil heykelleri ilgimizi her an canl\u0131 tutarak yava\u015flay\u0131p d\u00fc\u015f\u00fcnmemizi sa\u011fl\u0131yor. <\/p>\n","protected":false},"author":1,"featured_media":2946,"comment_status":"open","ping_status":"open","sticky":false,"template":"","format":"standard","meta":{"_uag_custom_page_level_css":"","footnotes":""},"categories":[77],"tags":[117,118,120,112,119,113,84,85],"class_list":["post-2902","post","type-post","status-publish","format-standard","has-post-thumbnail","hentry","category-kultur-sanat","tag-alexandercalder","tag-calder","tag-heykel","tag-kultur","tag-mobil","tag-sanat","tag-ziaonline","tag-ziaonlinedergi"],"blocksy_meta":[],"uagb_featured_image_src":{"full":["https:\/\/zerriniremakbay.com\/wp-content\/uploads\/2025\/07\/9.png",1200,900,false],"thumbnail":["https:\/\/zerriniremakbay.com\/wp-content\/uploads\/2025\/07\/9-150x150.png",150,150,true],"medium":["https:\/\/zerriniremakbay.com\/wp-content\/uploads\/2025\/07\/9-300x225.png",300,225,true],"medium_large":["https:\/\/zerriniremakbay.com\/wp-content\/uploads\/2025\/07\/9-768x576.png",768,576,true],"large":["https:\/\/zerriniremakbay.com\/wp-content\/uploads\/2025\/07\/9-1024x768.png",1024,768,true],"1536x1536":["https:\/\/zerriniremakbay.com\/wp-content\/uploads\/2025\/07\/9.png",1200,900,false],"2048x2048":["https:\/\/zerriniremakbay.com\/wp-content\/uploads\/2025\/07\/9.png",1200,900,false]},"uagb_author_info":{"display_name":"Z\u0130A ONLINE","author_link":"https:\/\/zerriniremakbay.com\/?author=1"},"uagb_comment_info":0,"uagb_excerpt":"Modern heykel sanat\u0131na y\u00f6n veren Alexander Calder'\u0131n mobil heykelleri ilgimizi her an canl\u0131 tutarak yava\u015flay\u0131p d\u00fc\u015f\u00fcnmemizi sa\u011fl\u0131yor.","_links":{"self":[{"href":"https:\/\/zerriniremakbay.com\/index.php?rest_route=\/wp\/v2\/posts\/2902","targetHints":{"allow":["GET"]}}],"collection":[{"href":"https:\/\/zerriniremakbay.com\/index.php?rest_route=\/wp\/v2\/posts"}],"about":[{"href":"https:\/\/zerriniremakbay.com\/index.php?rest_route=\/wp\/v2\/types\/post"}],"author":[{"embeddable":true,"href":"https:\/\/zerriniremakbay.com\/index.php?rest_route=\/wp\/v2\/users\/1"}],"replies":[{"embeddable":true,"href":"https:\/\/zerriniremakbay.com\/index.php?rest_route=%2Fwp%2Fv2%2Fcomments&post=2902"}],"version-history":[{"count":4,"href":"https:\/\/zerriniremakbay.com\/index.php?rest_route=\/wp\/v2\/posts\/2902\/revisions"}],"predecessor-version":[{"id":2945,"href":"https:\/\/zerriniremakbay.com\/index.php?rest_route=\/wp\/v2\/posts\/2902\/revisions\/2945"}],"wp:featuredmedia":[{"embeddable":true,"href":"https:\/\/zerriniremakbay.com\/index.php?rest_route=\/wp\/v2\/media\/2946"}],"wp:attachment":[{"href":"https:\/\/zerriniremakbay.com\/index.php?rest_route=%2Fwp%2Fv2%2Fmedia&parent=2902"}],"wp:term":[{"taxonomy":"category","embeddable":true,"href":"https:\/\/zerriniremakbay.com\/index.php?rest_route=%2Fwp%2Fv2%2Fcategories&post=2902"},{"taxonomy":"post_tag","embeddable":true,"href":"https:\/\/zerriniremakbay.com\/index.php?rest_route=%2Fwp%2Fv2%2Ftags&post=2902"}],"curies":[{"name":"wp","href":"https:\/\/api.w.org\/{rel}","templated":true}]}}